{"id":1362,"date":"2025-11-20T20:54:34","date_gmt":"2025-11-20T19:54:34","guid":{"rendered":"https:\/\/grundschule-gickelsberg.de\/kamenz\/?p=1362"},"modified":"2025-11-20T20:54:35","modified_gmt":"2025-11-20T19:54:35","slug":"herbstputz-2025-gemeinsam-fuer-ein-schoenes-schulgelaende","status":"publish","type":"post","link":"https:\/\/grundschule-gickelsberg.de\/kamenz\/2025\/11\/herbstputz-2025-gemeinsam-fuer-ein-schoenes-schulgelaende\/","title":{"rendered":"Herbstputz 2025 \u2013 Gemeinsam f\u00fcr ein sch\u00f6nes Schulgel\u00e4nde"},"content":{"rendered":"\n<figure class=\"wp-block-image size-full is-resized\"><img fetchpriority=\"high\" decoding=\"async\" width=\"1920\" height=\"2560\" src=\"https:\/\/grundschule-gickelsberg.de\/kamenz\/wp-content\/uploads\/2025\/11\/Herbstputz2025-scaled.jpeg\" alt=\"\" class=\"wp-image-1363\" style=\"aspect-ratio:1.3333333333333333;object-fit:cover;width:455px;height:auto\" srcset=\"https:\/\/grundschule-gickelsberg.de\/kamenz\/wp-content\/uploads\/2025\/11\/Herbstputz2025-scaled.jpeg 1920w, https:\/\/grundschule-gickelsberg.de\/kamenz\/wp-content\/uploads\/2025\/11\/Herbstputz2025-225x300.jpeg 225w, https:\/\/grundschule-gickelsberg.de\/kamenz\/wp-content\/uploads\/2025\/11\/Herbstputz2025-768x1024.jpeg 768w, https:\/\/grundschule-gickelsberg.de\/kamenz\/wp-content\/uploads\/2025\/11\/Herbstputz2025-1152x1536.jpeg 1152w, https:\/\/grundschule-gickelsberg.de\/kamenz\/wp-content\/uploads\/2025\/11\/Herbstputz2025-1536x2048.jpeg 1536w\" sizes=\"(max-width: 1920px) 100vw, 1920px\" \/><\/figure>\n\n\n\n<p>Am vergangenen Freitag fand an der Grundschule der traditionelle Herbstputz statt. Eltern, Kinder, Lehrkr\u00e4fte und Mitglieder des F\u00f6rdervereins packten gemeinsam an, um das Au\u00dfengel\u00e4nde f\u00fcr die kommende Jahreszeit herzurichten.<\/p>\n\n\n\n<p>Mit Harken und Eimern wurden unz\u00e4hlige bunte Bl\u00e4tter zusammengefegt und entsorgt. Auch der \u201eFrosch\u201c, das beliebte Wasserspielger\u00e4t der Schule, bekam eine gr\u00fcndliche Reinigung: Mit dem Hochdruckreiniger wurde er wieder zum Gl\u00e4nzen gebracht. <\/p>\n\n\n\n<p>Dank des gro\u00dfen Engagements aller Beteiligten ist das Schulgel\u00e4nde nun vom gro\u00dfen Laub befreit und bereit f\u00fcr den Winter.<\/p>\n\n\n\n<p><strong>Ein herzliches Dankesch\u00f6n<\/strong>&nbsp;an alle Helferinnen und Helfer f\u00fcr ihre Zeit, ihre Tatkraft und die tolle Zusammenarbeit!<\/p>\n\n\n\n<p>Reporter-Team Gickelsberg<\/p>\n\n\n\n<figure class=\"wp-block-image is-resized\"><img decoding=\"async\" width=\"1920\" height=\"2560\" src=\"https:\/\/grundschule-gickelsberg.de\/kamenz\/wp-content\/uploads\/2025\/11\/Herbstputz-2-scaled.jpeg\" alt=\"\" class=\"wp-image-1364\" style=\"object-fit:cover;width:289px;height:auto\" srcset=\"https:\/\/grundschule-gickelsberg.de\/kamenz\/wp-content\/uploads\/2025\/11\/Herbstputz-2-scaled.jpeg 1920w, https:\/\/grundschule-gickelsberg.de\/kamenz\/wp-content\/uploads\/2025\/11\/Herbstputz-2-225x300.jpeg 225w, https:\/\/grundschule-gickelsberg.de\/kamenz\/wp-content\/uploads\/2025\/11\/Herbstputz-2-768x1024.jpeg 768w, https:\/\/grundschule-gickelsberg.de\/kamenz\/wp-content\/uploads\/2025\/11\/Herbstputz-2-1152x1536.jpeg 1152w, https:\/\/grundschule-gickelsberg.de\/kamenz\/wp-content\/uploads\/2025\/11\/Herbstputz-2-1536x2048.jpeg 1536w\" sizes=\"(max-width: 1920px) 100vw, 1920px\" \/><\/figure>\n\n\n\n<p><\/p>\n","protected":false},"excerpt":{"rendered":"<p>Am vergangenen Freitag fand an der Grundschule der traditionelle Herbstputz statt. Eltern, Kinder, Lehrkr\u00e4fte und Mitglieder des F\u00f6rdervereins packten gemeinsam an, um das Au\u00dfengel\u00e4nde f\u00fcr die kommende Jahreszeit herzurichten. Mit Harken und Eimern wurden unz\u00e4hlige bunte Bl\u00e4tter zusammengefegt und entsorgt. Auch der \u201eFrosch\u201c, das beliebte Wasserspielger\u00e4t der Schule, bekam eine gr\u00fcndliche Reinigung: Mit dem Hochdruckreiniger [&hellip;]<\/p>\n","protected":false},"author":1,"featured_media":1363,"comment_status":"open","ping_status":"closed","sticky":false,"template":"","format":"standard","meta":{"site-sidebar-layout":"default","site-content-layout":"","ast-site-content-layout":"default","site-content-style":"default","site-sidebar-style":"default","ast-global-header-display":"","ast-banner-title-visibility":"","ast-main-header-display":"","ast-hfb-above-header-display":"","ast-hfb-below-header-display":"","ast-hfb-mobile-header-display":"","site-post-title":"","ast-breadcrumbs-content":"","ast-featured-img":"","footer-sml-layout":"","theme-transparent-header-meta":"","adv-header-id-meta":"","stick-header-meta":"","header-above-stick-meta":"","header-main-stick-meta":"","header-below-stick-meta":"","astra-migrate-meta-layouts":"set","ast-page-background-enabled":"default","ast-page-background-meta":{"desktop":{"background-color":"var(--ast-global-color-4)","background-image":"","background-repeat":"repeat","background-position":"center center","background-size":"auto","background-attachment":"scroll","background-type":"","background-media":"","overlay-type":"","overlay-color":"","overlay-opacity":"","overlay-gradient":""},"tablet":{"background-color":"","background-image":"","background-repeat":"repeat","background-position":"center center","background-size":"auto","background-attachment":"scroll","background-type":"","background-media":"","overlay-type":"","overlay-color":"","overlay-opacity":"","overlay-gradient":""},"mobile":{"background-color":"","background-image":"","background-repeat":"repeat","background-position":"center center","background-size":"auto","background-attachment":"scroll","background-type":"","background-media":"","overlay-type":"","overlay-color":"","overlay-opacity":"","overlay-gradient":""}},"ast-content-background-meta":{"desktop":{"background-color":"var(--ast-global-color-5)","background-image":"","background-repeat":"repeat","background-position":"center center","background-size":"auto","background-attachment":"scroll","background-type":"","background-media":"","overlay-type":"","overlay-color":"","overlay-opacity":"","overlay-gradient":""},"tablet":{"background-color":"var(--ast-global-color-5)","background-image":"","background-repeat":"repeat","background-position":"center center","background-size":"auto","background-attachment":"scroll","background-type":"","background-media":"","overlay-type":"","overlay-color":"","overlay-opacity":"","overlay-gradient":""},"mobile":{"background-color":"var(--ast-global-color-5)","background-image":"","background-repeat":"repeat","background-position":"center center","background-size":"auto","background-attachment":"scroll","background-type":"","background-media":"","overlay-type":"","overlay-color":"","overlay-opacity":"","overlay-gradient":""}},"_jetpack_memberships_contains_paid_content":false,"footnotes":""},"categories":[1],"tags":[],"class_list":["post-1362","post","type-post","status-publish","format-standard","has-post-thumbnail","hentry","category-allgemein"],"yoast_head":"<!-- This site is optimized with the Yoast SEO plugin v27.5 - https:\/\/yoast.com\/product\/yoast-seo-wordpress\/ -->\n<title>Herbstputz 2025 \u2013 Gemeinsam f\u00fcr ein sch\u00f6nes Schulgel\u00e4nde - Grundschule Am Gickelsberg<\/title>\n<meta name=\"robots\" content=\"index, follow, max-snippet:-1, max-image-preview:large, max-video-preview:-1\" \/>\n<link rel=\"canonical\" href=\"https:\/\/grundschule-gickelsberg.de\/kamenz\/2025\/11\/herbstputz-2025-gemeinsam-fuer-ein-schoenes-schulgelaende\/\" \/>\n<meta property=\"og:locale\" content=\"de_DE\" \/>\n<meta property=\"og:type\" content=\"article\" \/>\n<meta property=\"og:title\" content=\"Herbstputz 2025 \u2013 Gemeinsam f\u00fcr ein sch\u00f6nes Schulgel\u00e4nde - Grundschule Am Gickelsberg\" \/>\n<meta property=\"og:description\" content=\"Am vergangenen Freitag fand an der Grundschule der traditionelle Herbstputz statt. Eltern, Kinder, Lehrkr\u00e4fte und Mitglieder des F\u00f6rdervereins packten gemeinsam an, um das Au\u00dfengel\u00e4nde f\u00fcr die kommende Jahreszeit herzurichten. Mit Harken und Eimern wurden unz\u00e4hlige bunte Bl\u00e4tter zusammengefegt und entsorgt. Auch der \u201eFrosch\u201c, das beliebte Wasserspielger\u00e4t der Schule, bekam eine gr\u00fcndliche Reinigung: Mit dem Hochdruckreiniger [&hellip;]\" \/>\n<meta property=\"og:url\" content=\"https:\/\/grundschule-gickelsberg.de\/kamenz\/2025\/11\/herbstputz-2025-gemeinsam-fuer-ein-schoenes-schulgelaende\/\" \/>\n<meta property=\"og:site_name\" content=\"Grundschule Am Gickelsberg\" \/>\n<meta property=\"article:published_time\" content=\"2025-11-20T19:54:34+00:00\" \/>\n<meta property=\"article:modified_time\" content=\"2025-11-20T19:54:35+00:00\" \/>\n<meta property=\"og:image\" content=\"https:\/\/grundschule-gickelsberg.de\/kamenz\/wp-content\/uploads\/2025\/11\/Herbstputz2025-scaled.jpeg\" \/>\n\t<meta property=\"og:image:width\" content=\"1920\" \/>\n\t<meta property=\"og:image:height\" content=\"2560\" \/>\n\t<meta property=\"og:image:type\" content=\"image\/jpeg\" \/>\n<meta name=\"author\" content=\"admin\" \/>\n<meta name=\"twitter:card\" content=\"summary_large_image\" \/>\n<meta name=\"twitter:label1\" content=\"Verfasst von\" \/>\n\t<meta name=\"twitter:data1\" content=\"admin\" \/>\n\t<meta name=\"twitter:label2\" content=\"Gesch\u00e4tzte Lesezeit\" \/>\n\t<meta name=\"twitter:data2\" content=\"2\u00a0Minuten\" \/>\n<script type=\"application\/ld+json\" class=\"yoast-schema-graph\">{\"@context\":\"https:\\\/\\\/schema.org\",\"@graph\":[{\"@type\":\"Article\",\"@id\":\"https:\\\/\\\/grundschule-gickelsberg.de\\\/kamenz\\\/2025\\\/11\\\/herbstputz-2025-gemeinsam-fuer-ein-schoenes-schulgelaende\\\/#article\",\"isPartOf\":{\"@id\":\"https:\\\/\\\/grundschule-gickelsberg.de\\\/kamenz\\\/2025\\\/11\\\/herbstputz-2025-gemeinsam-fuer-ein-schoenes-schulgelaende\\\/\"},\"author\":{\"name\":\"admin\",\"@id\":\"https:\\\/\\\/grundschule-gickelsberg.de\\\/kamenz\\\/#\\\/schema\\\/person\\\/b1106c79557fa92400dc8e26459891ab\"},\"headline\":\"Herbstputz 2025 \u2013 Gemeinsam f\u00fcr ein sch\u00f6nes Schulgel\u00e4nde\",\"datePublished\":\"2025-11-20T19:54:34+00:00\",\"dateModified\":\"2025-11-20T19:54:35+00:00\",\"mainEntityOfPage\":{\"@id\":\"https:\\\/\\\/grundschule-gickelsberg.de\\\/kamenz\\\/2025\\\/11\\\/herbstputz-2025-gemeinsam-fuer-ein-schoenes-schulgelaende\\\/\"},\"wordCount\":125,\"commentCount\":0,\"publisher\":{\"@id\":\"https:\\\/\\\/grundschule-gickelsberg.de\\\/kamenz\\\/#organization\"},\"image\":{\"@id\":\"https:\\\/\\\/grundschule-gickelsberg.de\\\/kamenz\\\/2025\\\/11\\\/herbstputz-2025-gemeinsam-fuer-ein-schoenes-schulgelaende\\\/#primaryimage\"},\"thumbnailUrl\":\"https:\\\/\\\/grundschule-gickelsberg.de\\\/kamenz\\\/wp-content\\\/uploads\\\/2025\\\/11\\\/Herbstputz2025-scaled.jpeg\",\"articleSection\":[\"Allgemeines\"],\"inLanguage\":\"de\",\"potentialAction\":[{\"@type\":\"CommentAction\",\"name\":\"Comment\",\"target\":[\"https:\\\/\\\/grundschule-gickelsberg.de\\\/kamenz\\\/2025\\\/11\\\/herbstputz-2025-gemeinsam-fuer-ein-schoenes-schulgelaende\\\/#respond\"]}]},{\"@type\":\"WebPage\",\"@id\":\"https:\\\/\\\/grundschule-gickelsberg.de\\\/kamenz\\\/2025\\\/11\\\/herbstputz-2025-gemeinsam-fuer-ein-schoenes-schulgelaende\\\/\",\"url\":\"https:\\\/\\\/grundschule-gickelsberg.de\\\/kamenz\\\/2025\\\/11\\\/herbstputz-2025-gemeinsam-fuer-ein-schoenes-schulgelaende\\\/\",\"name\":\"Herbstputz 2025 \u2013 Gemeinsam f\u00fcr ein sch\u00f6nes Schulgel\u00e4nde - Grundschule Am Gickelsberg\",\"isPartOf\":{\"@id\":\"https:\\\/\\\/grundschule-gickelsberg.de\\\/kamenz\\\/#website\"},\"primaryImageOfPage\":{\"@id\":\"https:\\\/\\\/grundschule-gickelsberg.de\\\/kamenz\\\/2025\\\/11\\\/herbstputz-2025-gemeinsam-fuer-ein-schoenes-schulgelaende\\\/#primaryimage\"},\"image\":{\"@id\":\"https:\\\/\\\/grundschule-gickelsberg.de\\\/kamenz\\\/2025\\\/11\\\/herbstputz-2025-gemeinsam-fuer-ein-schoenes-schulgelaende\\\/#primaryimage\"},\"thumbnailUrl\":\"https:\\\/\\\/grundschule-gickelsberg.de\\\/kamenz\\\/wp-content\\\/uploads\\\/2025\\\/11\\\/Herbstputz2025-scaled.jpeg\",\"datePublished\":\"2025-11-20T19:54:34+00:00\",\"dateModified\":\"2025-11-20T19:54:35+00:00\",\"breadcrumb\":{\"@id\":\"https:\\\/\\\/grundschule-gickelsberg.de\\\/kamenz\\\/2025\\\/11\\\/herbstputz-2025-gemeinsam-fuer-ein-schoenes-schulgelaende\\\/#breadcrumb\"},\"inLanguage\":\"de\",\"potentialAction\":[{\"@type\":\"ReadAction\",\"target\":[\"https:\\\/\\\/grundschule-gickelsberg.de\\\/kamenz\\\/2025\\\/11\\\/herbstputz-2025-gemeinsam-fuer-ein-schoenes-schulgelaende\\\/\"]}]},{\"@type\":\"ImageObject\",\"inLanguage\":\"de\",\"@id\":\"https:\\\/\\\/grundschule-gickelsberg.de\\\/kamenz\\\/2025\\\/11\\\/herbstputz-2025-gemeinsam-fuer-ein-schoenes-schulgelaende\\\/#primaryimage\",\"url\":\"https:\\\/\\\/grundschule-gickelsberg.de\\\/kamenz\\\/wp-content\\\/uploads\\\/2025\\\/11\\\/Herbstputz2025-scaled.jpeg\",\"contentUrl\":\"https:\\\/\\\/grundschule-gickelsberg.de\\\/kamenz\\\/wp-content\\\/uploads\\\/2025\\\/11\\\/Herbstputz2025-scaled.jpeg\",\"width\":1920,\"height\":2560},{\"@type\":\"BreadcrumbList\",\"@id\":\"https:\\\/\\\/grundschule-gickelsberg.de\\\/kamenz\\\/2025\\\/11\\\/herbstputz-2025-gemeinsam-fuer-ein-schoenes-schulgelaende\\\/#breadcrumb\",\"itemListElement\":[{\"@type\":\"ListItem\",\"position\":1,\"name\":\"Startseite\",\"item\":\"https:\\\/\\\/grundschule-gickelsberg.de\\\/kamenz\\\/\"},{\"@type\":\"ListItem\",\"position\":2,\"name\":\"Herbstputz 2025 \u2013 Gemeinsam f\u00fcr ein sch\u00f6nes Schulgel\u00e4nde\"}]},{\"@type\":\"WebSite\",\"@id\":\"https:\\\/\\\/grundschule-gickelsberg.de\\\/kamenz\\\/#website\",\"url\":\"https:\\\/\\\/grundschule-gickelsberg.de\\\/kamenz\\\/\",\"name\":\"Grundschule Am Gickelsberg\",\"description\":\"Die Kamenzer Schule ist eine von 4 Grundschulen mit Ganztagsbetreuung. Im Jahr 2023 wurde die Schule mit digitalen Lernmedien ausgestattet.\",\"publisher\":{\"@id\":\"https:\\\/\\\/grundschule-gickelsberg.de\\\/kamenz\\\/#organization\"},\"potentialAction\":[{\"@type\":\"SearchAction\",\"target\":{\"@type\":\"EntryPoint\",\"urlTemplate\":\"https:\\\/\\\/grundschule-gickelsberg.de\\\/kamenz\\\/?s={search_term_string}\"},\"query-input\":{\"@type\":\"PropertyValueSpecification\",\"valueRequired\":true,\"valueName\":\"search_term_string\"}}],\"inLanguage\":\"de\"},{\"@type\":\"Organization\",\"@id\":\"https:\\\/\\\/grundschule-gickelsberg.de\\\/kamenz\\\/#organization\",\"name\":\"Grundschule Am Gickelsberg\",\"url\":\"https:\\\/\\\/grundschule-gickelsberg.de\\\/kamenz\\\/\",\"logo\":{\"@type\":\"ImageObject\",\"inLanguage\":\"de\",\"@id\":\"https:\\\/\\\/grundschule-gickelsberg.de\\\/kamenz\\\/#\\\/schema\\\/logo\\\/image\\\/\",\"url\":\"https:\\\/\\\/grundschule-gickelsberg.de\\\/kamenz\\\/wp-content\\\/uploads\\\/2023\\\/08\\\/gickel.png\",\"contentUrl\":\"https:\\\/\\\/grundschule-gickelsberg.de\\\/kamenz\\\/wp-content\\\/uploads\\\/2023\\\/08\\\/gickel.png\",\"width\":126,\"height\":136,\"caption\":\"Grundschule Am Gickelsberg\"},\"image\":{\"@id\":\"https:\\\/\\\/grundschule-gickelsberg.de\\\/kamenz\\\/#\\\/schema\\\/logo\\\/image\\\/\"}},{\"@type\":\"Person\",\"@id\":\"https:\\\/\\\/grundschule-gickelsberg.de\\\/kamenz\\\/#\\\/schema\\\/person\\\/b1106c79557fa92400dc8e26459891ab\",\"name\":\"admin\",\"image\":{\"@type\":\"ImageObject\",\"inLanguage\":\"de\",\"@id\":\"https:\\\/\\\/secure.gravatar.com\\\/avatar\\\/80bab9dd04cc8ed99694ea9ea7893cb1ec2630d8d32deb2ac9a3cbe026555573?s=96&d=mm&r=g\",\"url\":\"https:\\\/\\\/secure.gravatar.com\\\/avatar\\\/80bab9dd04cc8ed99694ea9ea7893cb1ec2630d8d32deb2ac9a3cbe026555573?s=96&d=mm&r=g\",\"contentUrl\":\"https:\\\/\\\/secure.gravatar.com\\\/avatar\\\/80bab9dd04cc8ed99694ea9ea7893cb1ec2630d8d32deb2ac9a3cbe026555573?s=96&d=mm&r=g\",\"caption\":\"admin\"},\"sameAs\":[\"https:\\\/\\\/grundschule-gickelsberg.de\\\/kamenz\"],\"url\":\"https:\\\/\\\/grundschule-gickelsberg.de\\\/kamenz\\\/author\\\/gsgickel_cmsadmin\\\/\"}]}<\/script>\n<!-- \/ Yoast SEO plugin. -->","yoast_head_json":{"title":"Herbstputz 2025 \u2013 Gemeinsam f\u00fcr ein sch\u00f6nes Schulgel\u00e4nde - Grundschule Am Gickelsberg","robots":{"index":"index","follow":"follow","max-snippet":"max-snippet:-1","max-image-preview":"max-image-preview:large","max-video-preview":"max-video-preview:-1"},"canonical":"https:\/\/grundschule-gickelsberg.de\/kamenz\/2025\/11\/herbstputz-2025-gemeinsam-fuer-ein-schoenes-schulgelaende\/","og_locale":"de_DE","og_type":"article","og_title":"Herbstputz 2025 \u2013 Gemeinsam f\u00fcr ein sch\u00f6nes Schulgel\u00e4nde - Grundschule Am Gickelsberg","og_description":"Am vergangenen Freitag fand an der Grundschule der traditionelle Herbstputz statt. Eltern, Kinder, Lehrkr\u00e4fte und Mitglieder des F\u00f6rdervereins packten gemeinsam an, um das Au\u00dfengel\u00e4nde f\u00fcr die kommende Jahreszeit herzurichten. Mit Harken und Eimern wurden unz\u00e4hlige bunte Bl\u00e4tter zusammengefegt und entsorgt. Auch der \u201eFrosch\u201c, das beliebte Wasserspielger\u00e4t der Schule, bekam eine gr\u00fcndliche Reinigung: Mit dem Hochdruckreiniger [&hellip;]","og_url":"https:\/\/grundschule-gickelsberg.de\/kamenz\/2025\/11\/herbstputz-2025-gemeinsam-fuer-ein-schoenes-schulgelaende\/","og_site_name":"Grundschule Am Gickelsberg","article_published_time":"2025-11-20T19:54:34+00:00","article_modified_time":"2025-11-20T19:54:35+00:00","og_image":[{"width":1920,"height":2560,"url":"https:\/\/grundschule-gickelsberg.de\/kamenz\/wp-content\/uploads\/2025\/11\/Herbstputz2025-scaled.jpeg","type":"image\/jpeg"}],"author":"admin","twitter_card":"summary_large_image","twitter_misc":{"Verfasst von":"admin","Gesch\u00e4tzte Lesezeit":"2\u00a0Minuten"},"schema":{"@context":"https:\/\/schema.org","@graph":[{"@type":"Article","@id":"https:\/\/grundschule-gickelsberg.de\/kamenz\/2025\/11\/herbstputz-2025-gemeinsam-fuer-ein-schoenes-schulgelaende\/#article","isPartOf":{"@id":"https:\/\/grundschule-gickelsberg.de\/kamenz\/2025\/11\/herbstputz-2025-gemeinsam-fuer-ein-schoenes-schulgelaende\/"},"author":{"name":"admin","@id":"https:\/\/grundschule-gickelsberg.de\/kamenz\/#\/schema\/person\/b1106c79557fa92400dc8e26459891ab"},"headline":"Herbstputz 2025 \u2013 Gemeinsam f\u00fcr ein sch\u00f6nes Schulgel\u00e4nde","datePublished":"2025-11-20T19:54:34+00:00","dateModified":"2025-11-20T19:54:35+00:00","mainEntityOfPage":{"@id":"https:\/\/grundschule-gickelsberg.de\/kamenz\/2025\/11\/herbstputz-2025-gemeinsam-fuer-ein-schoenes-schulgelaende\/"},"wordCount":125,"commentCount":0,"publisher":{"@id":"https:\/\/grundschule-gickelsberg.de\/kamenz\/#organization"},"image":{"@id":"https:\/\/grundschule-gickelsberg.de\/kamenz\/2025\/11\/herbstputz-2025-gemeinsam-fuer-ein-schoenes-schulgelaende\/#primaryimage"},"thumbnailUrl":"https:\/\/grundschule-gickelsberg.de\/kamenz\/wp-content\/uploads\/2025\/11\/Herbstputz2025-scaled.jpeg","articleSection":["Allgemeines"],"inLanguage":"de","potentialAction":[{"@type":"CommentAction","name":"Comment","target":["https:\/\/grundschule-gickelsberg.de\/kamenz\/2025\/11\/herbstputz-2025-gemeinsam-fuer-ein-schoenes-schulgelaende\/#respond"]}]},{"@type":"WebPage","@id":"https:\/\/grundschule-gickelsberg.de\/kamenz\/2025\/11\/herbstputz-2025-gemeinsam-fuer-ein-schoenes-schulgelaende\/","url":"https:\/\/grundschule-gickelsberg.de\/kamenz\/2025\/11\/herbstputz-2025-gemeinsam-fuer-ein-schoenes-schulgelaende\/","name":"Herbstputz 2025 \u2013 Gemeinsam f\u00fcr ein sch\u00f6nes Schulgel\u00e4nde - Grundschule Am Gickelsberg","isPartOf":{"@id":"https:\/\/grundschule-gickelsberg.de\/kamenz\/#website"},"primaryImageOfPage":{"@id":"https:\/\/grundschule-gickelsberg.de\/kamenz\/2025\/11\/herbstputz-2025-gemeinsam-fuer-ein-schoenes-schulgelaende\/#primaryimage"},"image":{"@id":"https:\/\/grundschule-gickelsberg.de\/kamenz\/2025\/11\/herbstputz-2025-gemeinsam-fuer-ein-schoenes-schulgelaende\/#primaryimage"},"thumbnailUrl":"https:\/\/grundschule-gickelsberg.de\/kamenz\/wp-content\/uploads\/2025\/11\/Herbstputz2025-scaled.jpeg","datePublished":"2025-11-20T19:54:34+00:00","dateModified":"2025-11-20T19:54:35+00:00","breadcrumb":{"@id":"https:\/\/grundschule-gickelsberg.de\/kamenz\/2025\/11\/herbstputz-2025-gemeinsam-fuer-ein-schoenes-schulgelaende\/#breadcrumb"},"inLanguage":"de","potentialAction":[{"@type":"ReadAction","target":["https:\/\/grundschule-gickelsberg.de\/kamenz\/2025\/11\/herbstputz-2025-gemeinsam-fuer-ein-schoenes-schulgelaende\/"]}]},{"@type":"ImageObject","inLanguage":"de","@id":"https:\/\/grundschule-gickelsberg.de\/kamenz\/2025\/11\/herbstputz-2025-gemeinsam-fuer-ein-schoenes-schulgelaende\/#primaryimage","url":"https:\/\/grundschule-gickelsberg.de\/kamenz\/wp-content\/uploads\/2025\/11\/Herbstputz2025-scaled.jpeg","contentUrl":"https:\/\/grundschule-gickelsberg.de\/kamenz\/wp-content\/uploads\/2025\/11\/Herbstputz2025-scaled.jpeg","width":1920,"height":2560},{"@type":"BreadcrumbList","@id":"https:\/\/grundschule-gickelsberg.de\/kamenz\/2025\/11\/herbstputz-2025-gemeinsam-fuer-ein-schoenes-schulgelaende\/#breadcrumb","itemListElement":[{"@type":"ListItem","position":1,"name":"Startseite","item":"https:\/\/grundschule-gickelsberg.de\/kamenz\/"},{"@type":"ListItem","position":2,"name":"Herbstputz 2025 \u2013 Gemeinsam f\u00fcr ein sch\u00f6nes Schulgel\u00e4nde"}]},{"@type":"WebSite","@id":"https:\/\/grundschule-gickelsberg.de\/kamenz\/#website","url":"https:\/\/grundschule-gickelsberg.de\/kamenz\/","name":"Grundschule Am Gickelsberg","description":"Die Kamenzer Schule ist eine von 4 Grundschulen mit Ganztagsbetreuung. Im Jahr 2023 wurde die Schule mit digitalen Lernmedien ausgestattet.","publisher":{"@id":"https:\/\/grundschule-gickelsberg.de\/kamenz\/#organization"},"potentialAction":[{"@type":"SearchAction","target":{"@type":"EntryPoint","urlTemplate":"https:\/\/grundschule-gickelsberg.de\/kamenz\/?s={search_term_string}"},"query-input":{"@type":"PropertyValueSpecification","valueRequired":true,"valueName":"search_term_string"}}],"inLanguage":"de"},{"@type":"Organization","@id":"https:\/\/grundschule-gickelsberg.de\/kamenz\/#organization","name":"Grundschule Am Gickelsberg","url":"https:\/\/grundschule-gickelsberg.de\/kamenz\/","logo":{"@type":"ImageObject","inLanguage":"de","@id":"https:\/\/grundschule-gickelsberg.de\/kamenz\/#\/schema\/logo\/image\/","url":"https:\/\/grundschule-gickelsberg.de\/kamenz\/wp-content\/uploads\/2023\/08\/gickel.png","contentUrl":"https:\/\/grundschule-gickelsberg.de\/kamenz\/wp-content\/uploads\/2023\/08\/gickel.png","width":126,"height":136,"caption":"Grundschule Am Gickelsberg"},"image":{"@id":"https:\/\/grundschule-gickelsberg.de\/kamenz\/#\/schema\/logo\/image\/"}},{"@type":"Person","@id":"https:\/\/grundschule-gickelsberg.de\/kamenz\/#\/schema\/person\/b1106c79557fa92400dc8e26459891ab","name":"admin","image":{"@type":"ImageObject","inLanguage":"de","@id":"https:\/\/secure.gravatar.com\/avatar\/80bab9dd04cc8ed99694ea9ea7893cb1ec2630d8d32deb2ac9a3cbe026555573?s=96&d=mm&r=g","url":"https:\/\/secure.gravatar.com\/avatar\/80bab9dd04cc8ed99694ea9ea7893cb1ec2630d8d32deb2ac9a3cbe026555573?s=96&d=mm&r=g","contentUrl":"https:\/\/secure.gravatar.com\/avatar\/80bab9dd04cc8ed99694ea9ea7893cb1ec2630d8d32deb2ac9a3cbe026555573?s=96&d=mm&r=g","caption":"admin"},"sameAs":["https:\/\/grundschule-gickelsberg.de\/kamenz"],"url":"https:\/\/grundschule-gickelsberg.de\/kamenz\/author\/gsgickel_cmsadmin\/"}]}},"jetpack_featured_media_url":"https:\/\/grundschule-gickelsberg.de\/kamenz\/wp-content\/uploads\/2025\/11\/Herbstputz2025-scaled.jpeg","jetpack_sharing_enabled":true,"_links":{"self":[{"href":"https:\/\/grundschule-gickelsberg.de\/kamenz\/wp-json\/wp\/v2\/posts\/1362","targetHints":{"allow":["GET"]}}],"collection":[{"href":"https:\/\/grundschule-gickelsberg.de\/kamenz\/wp-json\/wp\/v2\/posts"}],"about":[{"href":"https:\/\/grundschule-gickelsberg.de\/kamenz\/wp-json\/wp\/v2\/types\/post"}],"author":[{"embeddable":true,"href":"https:\/\/grundschule-gickelsberg.de\/kamenz\/wp-json\/wp\/v2\/users\/1"}],"replies":[{"embeddable":true,"href":"https:\/\/grundschule-gickelsberg.de\/kamenz\/wp-json\/wp\/v2\/comments?post=1362"}],"version-history":[{"count":1,"href":"https:\/\/grundschule-gickelsberg.de\/kamenz\/wp-json\/wp\/v2\/posts\/1362\/revisions"}],"predecessor-version":[{"id":1365,"href":"https:\/\/grundschule-gickelsberg.de\/kamenz\/wp-json\/wp\/v2\/posts\/1362\/revisions\/1365"}],"wp:featuredmedia":[{"embeddable":true,"href":"https:\/\/grundschule-gickelsberg.de\/kamenz\/wp-json\/wp\/v2\/media\/1363"}],"wp:attachment":[{"href":"https:\/\/grundschule-gickelsberg.de\/kamenz\/wp-json\/wp\/v2\/media?parent=1362"}],"wp:term":[{"taxonomy":"category","embeddable":true,"href":"https:\/\/grundschule-gickelsberg.de\/kamenz\/wp-json\/wp\/v2\/categories?post=1362"},{"taxonomy":"post_tag","embeddable":true,"href":"https:\/\/grundschule-gickelsberg.de\/kamenz\/wp-json\/wp\/v2\/tags?post=1362"}],"curies":[{"name":"wp","href":"https:\/\/api.w.org\/{rel}","templated":true}]}}