{"id":1367,"date":"2025-11-23T18:47:15","date_gmt":"2025-11-23T17:47:15","guid":{"rendered":"https:\/\/grundschule-gickelsberg.de\/kamenz\/?p=1367"},"modified":"2025-11-23T18:49:56","modified_gmt":"2025-11-23T17:49:56","slug":"kekslmarkt-2025","status":"publish","type":"post","link":"https:\/\/grundschule-gickelsberg.de\/kamenz\/2025\/11\/kekslmarkt-2025\/","title":{"rendered":"Kekslmarkt\u00a02025"},"content":{"rendered":"\n<p>Auf dem festlich geschm\u00fcckten Kamenzer Markt fand in diesem Jahr wieder unser Kekslmarkt statt \u2013 und die Grundschule Am Gickelsberg waren am vergangenen Freitag mit drei liebevoll dekorierten St\u00e4nden vertreten. Gemeinsam mit Eltern, Lehrkr\u00e4ften und dem F\u00f6rderverein boten sie eine gro\u00dfe Auswahl an selbstgebackenen Pl\u00e4tzchen an, die schnell viele begeisterte K\u00e4ufer fanden.<\/p>\n\n\n\n<p>Organisiert war der Verkauf in Schichten: Eltern, Kinder und Lehrer wechselten sich ab, unterst\u00fctzten sich gegenseitig und sorgten daf\u00fcr, dass an den St\u00e4nden stets reges Treiben herrschte. F\u00fcr die Kinder war die Aktion ein besonderes Highlight \u2013 sie hatten so viel Spa\u00df beim Verkaufen und frischten nebenbei ihre Mathekenntnisse auf.&nbsp;<\/p>\n\n\n\n<p><strong>Ein herzliches Dankesch\u00f6n<\/strong>&nbsp;gilt allen Eltern, Lehrern, flei\u00dfigen kleinen und gro\u00dfen B\u00e4ckern sowie dem F\u00f6rderverein f\u00fcr ihre gro\u00dfartige Unterst\u00fctzung, ihren Einsatz und die viele Vorbereitung!<\/p>\n\n\n\n<p>Reporter-Team Gickelsberg<\/p>\n\n\n\n<figure class=\"wp-block-gallery has-nested-images columns-default is-cropped wp-block-gallery-1 is-layout-flex wp-block-gallery-is-layout-flex\">\n<figure class=\"wp-block-image size-large is-resized\"><img fetchpriority=\"high\" decoding=\"async\" width=\"768\" height=\"1024\" data-id=\"1370\" src=\"https:\/\/grundschule-gickelsberg.de\/kamenz\/wp-content\/uploads\/2025\/11\/IMG_1138-768x1024.jpeg\" alt=\"\" class=\"wp-image-1370\" style=\"width:299px;height:auto\" srcset=\"https:\/\/grundschule-gickelsberg.de\/kamenz\/wp-content\/uploads\/2025\/11\/IMG_1138-768x1024.jpeg 768w, https:\/\/grundschule-gickelsberg.de\/kamenz\/wp-content\/uploads\/2025\/11\/IMG_1138-225x300.jpeg 225w, https:\/\/grundschule-gickelsberg.de\/kamenz\/wp-content\/uploads\/2025\/11\/IMG_1138-1152x1536.jpeg 1152w, https:\/\/grundschule-gickelsberg.de\/kamenz\/wp-content\/uploads\/2025\/11\/IMG_1138-1536x2048.jpeg 1536w, https:\/\/grundschule-gickelsberg.de\/kamenz\/wp-content\/uploads\/2025\/11\/IMG_1138-scaled.jpeg 1920w\" sizes=\"(max-width: 768px) 100vw, 768px\" \/><figcaption class=\"wp-element-caption\"><mark style=\"background-color:#000000;color:#ffffff\" class=\"has-inline-color\">Die Menge an Keksen vor dem Verkauf. <br><em>Vielen Dank nochmal an die flei\u00dfigen B\u00e4cker.<\/em><\/mark><\/figcaption><\/figure>\n\n\n\n<figure class=\"wp-block-image size-large is-resized\"><img decoding=\"async\" width=\"1024\" height=\"768\" data-id=\"1369\" src=\"https:\/\/grundschule-gickelsberg.de\/kamenz\/wp-content\/uploads\/2025\/11\/20251121_192736_Original-1024x768.jpg\" alt=\"\" class=\"wp-image-1369\" style=\"width:531px;height:auto\" srcset=\"https:\/\/grundschule-gickelsberg.de\/kamenz\/wp-content\/uploads\/2025\/11\/20251121_192736_Original-1024x768.jpg 1024w, https:\/\/grundschule-gickelsberg.de\/kamenz\/wp-content\/uploads\/2025\/11\/20251121_192736_Original-300x225.jpg 300w, https:\/\/grundschule-gickelsberg.de\/kamenz\/wp-content\/uploads\/2025\/11\/20251121_192736_Original-768x576.jpg 768w, https:\/\/grundschule-gickelsberg.de\/kamenz\/wp-content\/uploads\/2025\/11\/20251121_192736_Original-1536x1152.jpg 1536w, https:\/\/grundschule-gickelsberg.de\/kamenz\/wp-content\/uploads\/2025\/11\/20251121_192736_Original-2048x1536.jpg 2048w\" sizes=\"(max-width: 1024px) 100vw, 1024px\" \/><figcaption class=\"wp-element-caption\"><em><mark style=\"background-color:#000000;color:#ffffff\" class=\"has-inline-color\">Unsere Kekse an dem liebevoll gestalteten Stand<\/mark><\/em>.<\/figcaption><\/figure>\n<\/figure>\n\n\n\n<p><\/p>\n","protected":false},"excerpt":{"rendered":"<p>Auf dem festlich geschm\u00fcckten Kamenzer Markt fand in diesem Jahr wieder unser Kekslmarkt statt \u2013 und die Grundschule Am Gickelsberg waren am vergangenen Freitag mit drei liebevoll dekorierten St\u00e4nden vertreten. Gemeinsam mit Eltern, Lehrkr\u00e4ften und dem F\u00f6rderverein boten sie eine gro\u00dfe Auswahl an selbstgebackenen Pl\u00e4tzchen an, die schnell viele begeisterte K\u00e4ufer fanden. Organisiert war der [&hellip;]<\/p>\n","protected":false},"author":1,"featured_media":1368,"comment_status":"open","ping_status":"closed","sticky":false,"template":"","format":"standard","meta":{"site-sidebar-layout":"default","site-content-layout":"","ast-site-content-layout":"default","site-content-style":"default","site-sidebar-style":"default","ast-global-header-display":"","ast-banner-title-visibility":"","ast-main-header-display":"","ast-hfb-above-header-display":"","ast-hfb-below-header-display":"","ast-hfb-mobile-header-display":"","site-post-title":"","ast-breadcrumbs-content":"","ast-featured-img":"","footer-sml-layout":"","theme-transparent-header-meta":"","adv-header-id-meta":"","stick-header-meta":"","header-above-stick-meta":"","header-main-stick-meta":"","header-below-stick-meta":"","astra-migrate-meta-layouts":"set","ast-page-background-enabled":"default","ast-page-background-meta":{"desktop":{"background-color":"var(--ast-global-color-4)","background-image":"","background-repeat":"repeat","background-position":"center center","background-size":"auto","background-attachment":"scroll","background-type":"","background-media":"","overlay-type":"","overlay-color":"","overlay-opacity":"","overlay-gradient":""},"tablet":{"background-color":"","background-image":"","background-repeat":"repeat","background-position":"center center","background-size":"auto","background-attachment":"scroll","background-type":"","background-media":"","overlay-type":"","overlay-color":"","overlay-opacity":"","overlay-gradient":""},"mobile":{"background-color":"","background-image":"","background-repeat":"repeat","background-position":"center center","background-size":"auto","background-attachment":"scroll","background-type":"","background-media":"","overlay-type":"","overlay-color":"","overlay-opacity":"","overlay-gradient":""}},"ast-content-background-meta":{"desktop":{"background-color":"var(--ast-global-color-5)","background-image":"","background-repeat":"repeat","background-position":"center center","background-size":"auto","background-attachment":"scroll","background-type":"","background-media":"","overlay-type":"","overlay-color":"","overlay-opacity":"","overlay-gradient":""},"tablet":{"background-color":"var(--ast-global-color-5)","background-image":"","background-repeat":"repeat","background-position":"center center","background-size":"auto","background-attachment":"scroll","background-type":"","background-media":"","overlay-type":"","overlay-color":"","overlay-opacity":"","overlay-gradient":""},"mobile":{"background-color":"var(--ast-global-color-5)","background-image":"","background-repeat":"repeat","background-position":"center center","background-size":"auto","background-attachment":"scroll","background-type":"","background-media":"","overlay-type":"","overlay-color":"","overlay-opacity":"","overlay-gradient":""}},"_jetpack_memberships_contains_paid_content":false,"footnotes":""},"categories":[1],"tags":[],"class_list":["post-1367","post","type-post","status-publish","format-standard","has-post-thumbnail","hentry","category-allgemein"],"yoast_head":"<!-- This site is optimized with the Yoast SEO plugin v27.5 - https:\/\/yoast.com\/product\/yoast-seo-wordpress\/ -->\n<title>Kekslmarkt\u00a02025 - Grundschule Am Gickelsberg<\/title>\n<meta name=\"robots\" content=\"index, follow, max-snippet:-1, max-image-preview:large, max-video-preview:-1\" \/>\n<link rel=\"canonical\" href=\"https:\/\/grundschule-gickelsberg.de\/kamenz\/2025\/11\/kekslmarkt-2025\/\" \/>\n<meta property=\"og:locale\" content=\"de_DE\" \/>\n<meta property=\"og:type\" content=\"article\" \/>\n<meta property=\"og:title\" content=\"Kekslmarkt\u00a02025 - Grundschule Am Gickelsberg\" \/>\n<meta property=\"og:description\" content=\"Auf dem festlich geschm\u00fcckten Kamenzer Markt fand in diesem Jahr wieder unser Kekslmarkt statt \u2013 und die Grundschule Am Gickelsberg waren am vergangenen Freitag mit drei liebevoll dekorierten St\u00e4nden vertreten. Gemeinsam mit Eltern, Lehrkr\u00e4ften und dem F\u00f6rderverein boten sie eine gro\u00dfe Auswahl an selbstgebackenen Pl\u00e4tzchen an, die schnell viele begeisterte K\u00e4ufer fanden. Organisiert war der [&hellip;]\" \/>\n<meta property=\"og:url\" content=\"https:\/\/grundschule-gickelsberg.de\/kamenz\/2025\/11\/kekslmarkt-2025\/\" \/>\n<meta property=\"og:site_name\" content=\"Grundschule Am Gickelsberg\" \/>\n<meta property=\"article:published_time\" content=\"2025-11-23T17:47:15+00:00\" \/>\n<meta property=\"article:modified_time\" content=\"2025-11-23T17:49:56+00:00\" \/>\n<meta property=\"og:image\" content=\"https:\/\/grundschule-gickelsberg.de\/kamenz\/wp-content\/uploads\/2025\/11\/20251121_1926080_Original-scaled.jpg\" \/>\n\t<meta property=\"og:image:width\" content=\"2560\" \/>\n\t<meta property=\"og:image:height\" content=\"1920\" \/>\n\t<meta property=\"og:image:type\" content=\"image\/jpeg\" \/>\n<meta name=\"author\" content=\"admin\" \/>\n<meta name=\"twitter:card\" content=\"summary_large_image\" \/>\n<meta name=\"twitter:label1\" content=\"Verfasst von\" \/>\n\t<meta name=\"twitter:data1\" content=\"admin\" \/>\n\t<meta name=\"twitter:label2\" content=\"Gesch\u00e4tzte Lesezeit\" \/>\n\t<meta name=\"twitter:data2\" content=\"2\u00a0Minuten\" \/>\n<script type=\"application\/ld+json\" class=\"yoast-schema-graph\">{\"@context\":\"https:\\\/\\\/schema.org\",\"@graph\":[{\"@type\":\"Article\",\"@id\":\"https:\\\/\\\/grundschule-gickelsberg.de\\\/kamenz\\\/2025\\\/11\\\/kekslmarkt-2025\\\/#article\",\"isPartOf\":{\"@id\":\"https:\\\/\\\/grundschule-gickelsberg.de\\\/kamenz\\\/2025\\\/11\\\/kekslmarkt-2025\\\/\"},\"author\":{\"name\":\"admin\",\"@id\":\"https:\\\/\\\/grundschule-gickelsberg.de\\\/kamenz\\\/#\\\/schema\\\/person\\\/b1106c79557fa92400dc8e26459891ab\"},\"headline\":\"Kekslmarkt\u00a02025\",\"datePublished\":\"2025-11-23T17:47:15+00:00\",\"dateModified\":\"2025-11-23T17:49:56+00:00\",\"mainEntityOfPage\":{\"@id\":\"https:\\\/\\\/grundschule-gickelsberg.de\\\/kamenz\\\/2025\\\/11\\\/kekslmarkt-2025\\\/\"},\"wordCount\":172,\"commentCount\":0,\"publisher\":{\"@id\":\"https:\\\/\\\/grundschule-gickelsberg.de\\\/kamenz\\\/#organization\"},\"image\":{\"@id\":\"https:\\\/\\\/grundschule-gickelsberg.de\\\/kamenz\\\/2025\\\/11\\\/kekslmarkt-2025\\\/#primaryimage\"},\"thumbnailUrl\":\"https:\\\/\\\/grundschule-gickelsberg.de\\\/kamenz\\\/wp-content\\\/uploads\\\/2025\\\/11\\\/20251121_1926080_Original-scaled.jpg\",\"articleSection\":[\"Allgemeines\"],\"inLanguage\":\"de\",\"potentialAction\":[{\"@type\":\"CommentAction\",\"name\":\"Comment\",\"target\":[\"https:\\\/\\\/grundschule-gickelsberg.de\\\/kamenz\\\/2025\\\/11\\\/kekslmarkt-2025\\\/#respond\"]}]},{\"@type\":\"WebPage\",\"@id\":\"https:\\\/\\\/grundschule-gickelsberg.de\\\/kamenz\\\/2025\\\/11\\\/kekslmarkt-2025\\\/\",\"url\":\"https:\\\/\\\/grundschule-gickelsberg.de\\\/kamenz\\\/2025\\\/11\\\/kekslmarkt-2025\\\/\",\"name\":\"Kekslmarkt\u00a02025 - Grundschule Am Gickelsberg\",\"isPartOf\":{\"@id\":\"https:\\\/\\\/grundschule-gickelsberg.de\\\/kamenz\\\/#website\"},\"primaryImageOfPage\":{\"@id\":\"https:\\\/\\\/grundschule-gickelsberg.de\\\/kamenz\\\/2025\\\/11\\\/kekslmarkt-2025\\\/#primaryimage\"},\"image\":{\"@id\":\"https:\\\/\\\/grundschule-gickelsberg.de\\\/kamenz\\\/2025\\\/11\\\/kekslmarkt-2025\\\/#primaryimage\"},\"thumbnailUrl\":\"https:\\\/\\\/grundschule-gickelsberg.de\\\/kamenz\\\/wp-content\\\/uploads\\\/2025\\\/11\\\/20251121_1926080_Original-scaled.jpg\",\"datePublished\":\"2025-11-23T17:47:15+00:00\",\"dateModified\":\"2025-11-23T17:49:56+00:00\",\"breadcrumb\":{\"@id\":\"https:\\\/\\\/grundschule-gickelsberg.de\\\/kamenz\\\/2025\\\/11\\\/kekslmarkt-2025\\\/#breadcrumb\"},\"inLanguage\":\"de\",\"potentialAction\":[{\"@type\":\"ReadAction\",\"target\":[\"https:\\\/\\\/grundschule-gickelsberg.de\\\/kamenz\\\/2025\\\/11\\\/kekslmarkt-2025\\\/\"]}]},{\"@type\":\"ImageObject\",\"inLanguage\":\"de\",\"@id\":\"https:\\\/\\\/grundschule-gickelsberg.de\\\/kamenz\\\/2025\\\/11\\\/kekslmarkt-2025\\\/#primaryimage\",\"url\":\"https:\\\/\\\/grundschule-gickelsberg.de\\\/kamenz\\\/wp-content\\\/uploads\\\/2025\\\/11\\\/20251121_1926080_Original-scaled.jpg\",\"contentUrl\":\"https:\\\/\\\/grundschule-gickelsberg.de\\\/kamenz\\\/wp-content\\\/uploads\\\/2025\\\/11\\\/20251121_1926080_Original-scaled.jpg\",\"width\":2560,\"height\":1920},{\"@type\":\"BreadcrumbList\",\"@id\":\"https:\\\/\\\/grundschule-gickelsberg.de\\\/kamenz\\\/2025\\\/11\\\/kekslmarkt-2025\\\/#breadcrumb\",\"itemListElement\":[{\"@type\":\"ListItem\",\"position\":1,\"name\":\"Startseite\",\"item\":\"https:\\\/\\\/grundschule-gickelsberg.de\\\/kamenz\\\/\"},{\"@type\":\"ListItem\",\"position\":2,\"name\":\"Kekslmarkt\u00a02025\"}]},{\"@type\":\"WebSite\",\"@id\":\"https:\\\/\\\/grundschule-gickelsberg.de\\\/kamenz\\\/#website\",\"url\":\"https:\\\/\\\/grundschule-gickelsberg.de\\\/kamenz\\\/\",\"name\":\"Grundschule Am Gickelsberg\",\"description\":\"Die Kamenzer Schule ist eine von 4 Grundschulen mit Ganztagsbetreuung. Im Jahr 2023 wurde die Schule mit digitalen Lernmedien ausgestattet.\",\"publisher\":{\"@id\":\"https:\\\/\\\/grundschule-gickelsberg.de\\\/kamenz\\\/#organization\"},\"potentialAction\":[{\"@type\":\"SearchAction\",\"target\":{\"@type\":\"EntryPoint\",\"urlTemplate\":\"https:\\\/\\\/grundschule-gickelsberg.de\\\/kamenz\\\/?s={search_term_string}\"},\"query-input\":{\"@type\":\"PropertyValueSpecification\",\"valueRequired\":true,\"valueName\":\"search_term_string\"}}],\"inLanguage\":\"de\"},{\"@type\":\"Organization\",\"@id\":\"https:\\\/\\\/grundschule-gickelsberg.de\\\/kamenz\\\/#organization\",\"name\":\"Grundschule Am Gickelsberg\",\"url\":\"https:\\\/\\\/grundschule-gickelsberg.de\\\/kamenz\\\/\",\"logo\":{\"@type\":\"ImageObject\",\"inLanguage\":\"de\",\"@id\":\"https:\\\/\\\/grundschule-gickelsberg.de\\\/kamenz\\\/#\\\/schema\\\/logo\\\/image\\\/\",\"url\":\"https:\\\/\\\/grundschule-gickelsberg.de\\\/kamenz\\\/wp-content\\\/uploads\\\/2023\\\/08\\\/gickel.png\",\"contentUrl\":\"https:\\\/\\\/grundschule-gickelsberg.de\\\/kamenz\\\/wp-content\\\/uploads\\\/2023\\\/08\\\/gickel.png\",\"width\":126,\"height\":136,\"caption\":\"Grundschule Am Gickelsberg\"},\"image\":{\"@id\":\"https:\\\/\\\/grundschule-gickelsberg.de\\\/kamenz\\\/#\\\/schema\\\/logo\\\/image\\\/\"}},{\"@type\":\"Person\",\"@id\":\"https:\\\/\\\/grundschule-gickelsberg.de\\\/kamenz\\\/#\\\/schema\\\/person\\\/b1106c79557fa92400dc8e26459891ab\",\"name\":\"admin\",\"image\":{\"@type\":\"ImageObject\",\"inLanguage\":\"de\",\"@id\":\"https:\\\/\\\/secure.gravatar.com\\\/avatar\\\/80bab9dd04cc8ed99694ea9ea7893cb1ec2630d8d32deb2ac9a3cbe026555573?s=96&d=mm&r=g\",\"url\":\"https:\\\/\\\/secure.gravatar.com\\\/avatar\\\/80bab9dd04cc8ed99694ea9ea7893cb1ec2630d8d32deb2ac9a3cbe026555573?s=96&d=mm&r=g\",\"contentUrl\":\"https:\\\/\\\/secure.gravatar.com\\\/avatar\\\/80bab9dd04cc8ed99694ea9ea7893cb1ec2630d8d32deb2ac9a3cbe026555573?s=96&d=mm&r=g\",\"caption\":\"admin\"},\"sameAs\":[\"https:\\\/\\\/grundschule-gickelsberg.de\\\/kamenz\"],\"url\":\"https:\\\/\\\/grundschule-gickelsberg.de\\\/kamenz\\\/author\\\/gsgickel_cmsadmin\\\/\"}]}<\/script>\n<!-- \/ Yoast SEO plugin. -->","yoast_head_json":{"title":"Kekslmarkt\u00a02025 - Grundschule Am Gickelsberg","robots":{"index":"index","follow":"follow","max-snippet":"max-snippet:-1","max-image-preview":"max-image-preview:large","max-video-preview":"max-video-preview:-1"},"canonical":"https:\/\/grundschule-gickelsberg.de\/kamenz\/2025\/11\/kekslmarkt-2025\/","og_locale":"de_DE","og_type":"article","og_title":"Kekslmarkt\u00a02025 - Grundschule Am Gickelsberg","og_description":"Auf dem festlich geschm\u00fcckten Kamenzer Markt fand in diesem Jahr wieder unser Kekslmarkt statt \u2013 und die Grundschule Am Gickelsberg waren am vergangenen Freitag mit drei liebevoll dekorierten St\u00e4nden vertreten. Gemeinsam mit Eltern, Lehrkr\u00e4ften und dem F\u00f6rderverein boten sie eine gro\u00dfe Auswahl an selbstgebackenen Pl\u00e4tzchen an, die schnell viele begeisterte K\u00e4ufer fanden. Organisiert war der [&hellip;]","og_url":"https:\/\/grundschule-gickelsberg.de\/kamenz\/2025\/11\/kekslmarkt-2025\/","og_site_name":"Grundschule Am Gickelsberg","article_published_time":"2025-11-23T17:47:15+00:00","article_modified_time":"2025-11-23T17:49:56+00:00","og_image":[{"width":2560,"height":1920,"url":"https:\/\/grundschule-gickelsberg.de\/kamenz\/wp-content\/uploads\/2025\/11\/20251121_1926080_Original-scaled.jpg","type":"image\/jpeg"}],"author":"admin","twitter_card":"summary_large_image","twitter_misc":{"Verfasst von":"admin","Gesch\u00e4tzte Lesezeit":"2\u00a0Minuten"},"schema":{"@context":"https:\/\/schema.org","@graph":[{"@type":"Article","@id":"https:\/\/grundschule-gickelsberg.de\/kamenz\/2025\/11\/kekslmarkt-2025\/#article","isPartOf":{"@id":"https:\/\/grundschule-gickelsberg.de\/kamenz\/2025\/11\/kekslmarkt-2025\/"},"author":{"name":"admin","@id":"https:\/\/grundschule-gickelsberg.de\/kamenz\/#\/schema\/person\/b1106c79557fa92400dc8e26459891ab"},"headline":"Kekslmarkt\u00a02025","datePublished":"2025-11-23T17:47:15+00:00","dateModified":"2025-11-23T17:49:56+00:00","mainEntityOfPage":{"@id":"https:\/\/grundschule-gickelsberg.de\/kamenz\/2025\/11\/kekslmarkt-2025\/"},"wordCount":172,"commentCount":0,"publisher":{"@id":"https:\/\/grundschule-gickelsberg.de\/kamenz\/#organization"},"image":{"@id":"https:\/\/grundschule-gickelsberg.de\/kamenz\/2025\/11\/kekslmarkt-2025\/#primaryimage"},"thumbnailUrl":"https:\/\/grundschule-gickelsberg.de\/kamenz\/wp-content\/uploads\/2025\/11\/20251121_1926080_Original-scaled.jpg","articleSection":["Allgemeines"],"inLanguage":"de","potentialAction":[{"@type":"CommentAction","name":"Comment","target":["https:\/\/grundschule-gickelsberg.de\/kamenz\/2025\/11\/kekslmarkt-2025\/#respond"]}]},{"@type":"WebPage","@id":"https:\/\/grundschule-gickelsberg.de\/kamenz\/2025\/11\/kekslmarkt-2025\/","url":"https:\/\/grundschule-gickelsberg.de\/kamenz\/2025\/11\/kekslmarkt-2025\/","name":"Kekslmarkt\u00a02025 - Grundschule Am Gickelsberg","isPartOf":{"@id":"https:\/\/grundschule-gickelsberg.de\/kamenz\/#website"},"primaryImageOfPage":{"@id":"https:\/\/grundschule-gickelsberg.de\/kamenz\/2025\/11\/kekslmarkt-2025\/#primaryimage"},"image":{"@id":"https:\/\/grundschule-gickelsberg.de\/kamenz\/2025\/11\/kekslmarkt-2025\/#primaryimage"},"thumbnailUrl":"https:\/\/grundschule-gickelsberg.de\/kamenz\/wp-content\/uploads\/2025\/11\/20251121_1926080_Original-scaled.jpg","datePublished":"2025-11-23T17:47:15+00:00","dateModified":"2025-11-23T17:49:56+00:00","breadcrumb":{"@id":"https:\/\/grundschule-gickelsberg.de\/kamenz\/2025\/11\/kekslmarkt-2025\/#breadcrumb"},"inLanguage":"de","potentialAction":[{"@type":"ReadAction","target":["https:\/\/grundschule-gickelsberg.de\/kamenz\/2025\/11\/kekslmarkt-2025\/"]}]},{"@type":"ImageObject","inLanguage":"de","@id":"https:\/\/grundschule-gickelsberg.de\/kamenz\/2025\/11\/kekslmarkt-2025\/#primaryimage","url":"https:\/\/grundschule-gickelsberg.de\/kamenz\/wp-content\/uploads\/2025\/11\/20251121_1926080_Original-scaled.jpg","contentUrl":"https:\/\/grundschule-gickelsberg.de\/kamenz\/wp-content\/uploads\/2025\/11\/20251121_1926080_Original-scaled.jpg","width":2560,"height":1920},{"@type":"BreadcrumbList","@id":"https:\/\/grundschule-gickelsberg.de\/kamenz\/2025\/11\/kekslmarkt-2025\/#breadcrumb","itemListElement":[{"@type":"ListItem","position":1,"name":"Startseite","item":"https:\/\/grundschule-gickelsberg.de\/kamenz\/"},{"@type":"ListItem","position":2,"name":"Kekslmarkt\u00a02025"}]},{"@type":"WebSite","@id":"https:\/\/grundschule-gickelsberg.de\/kamenz\/#website","url":"https:\/\/grundschule-gickelsberg.de\/kamenz\/","name":"Grundschule Am Gickelsberg","description":"Die Kamenzer Schule ist eine von 4 Grundschulen mit Ganztagsbetreuung. Im Jahr 2023 wurde die Schule mit digitalen Lernmedien ausgestattet.","publisher":{"@id":"https:\/\/grundschule-gickelsberg.de\/kamenz\/#organization"},"potentialAction":[{"@type":"SearchAction","target":{"@type":"EntryPoint","urlTemplate":"https:\/\/grundschule-gickelsberg.de\/kamenz\/?s={search_term_string}"},"query-input":{"@type":"PropertyValueSpecification","valueRequired":true,"valueName":"search_term_string"}}],"inLanguage":"de"},{"@type":"Organization","@id":"https:\/\/grundschule-gickelsberg.de\/kamenz\/#organization","name":"Grundschule Am Gickelsberg","url":"https:\/\/grundschule-gickelsberg.de\/kamenz\/","logo":{"@type":"ImageObject","inLanguage":"de","@id":"https:\/\/grundschule-gickelsberg.de\/kamenz\/#\/schema\/logo\/image\/","url":"https:\/\/grundschule-gickelsberg.de\/kamenz\/wp-content\/uploads\/2023\/08\/gickel.png","contentUrl":"https:\/\/grundschule-gickelsberg.de\/kamenz\/wp-content\/uploads\/2023\/08\/gickel.png","width":126,"height":136,"caption":"Grundschule Am Gickelsberg"},"image":{"@id":"https:\/\/grundschule-gickelsberg.de\/kamenz\/#\/schema\/logo\/image\/"}},{"@type":"Person","@id":"https:\/\/grundschule-gickelsberg.de\/kamenz\/#\/schema\/person\/b1106c79557fa92400dc8e26459891ab","name":"admin","image":{"@type":"ImageObject","inLanguage":"de","@id":"https:\/\/secure.gravatar.com\/avatar\/80bab9dd04cc8ed99694ea9ea7893cb1ec2630d8d32deb2ac9a3cbe026555573?s=96&d=mm&r=g","url":"https:\/\/secure.gravatar.com\/avatar\/80bab9dd04cc8ed99694ea9ea7893cb1ec2630d8d32deb2ac9a3cbe026555573?s=96&d=mm&r=g","contentUrl":"https:\/\/secure.gravatar.com\/avatar\/80bab9dd04cc8ed99694ea9ea7893cb1ec2630d8d32deb2ac9a3cbe026555573?s=96&d=mm&r=g","caption":"admin"},"sameAs":["https:\/\/grundschule-gickelsberg.de\/kamenz"],"url":"https:\/\/grundschule-gickelsberg.de\/kamenz\/author\/gsgickel_cmsadmin\/"}]}},"jetpack_featured_media_url":"https:\/\/grundschule-gickelsberg.de\/kamenz\/wp-content\/uploads\/2025\/11\/20251121_1926080_Original-scaled.jpg","jetpack_sharing_enabled":true,"_links":{"self":[{"href":"https:\/\/grundschule-gickelsberg.de\/kamenz\/wp-json\/wp\/v2\/posts\/1367","targetHints":{"allow":["GET"]}}],"collection":[{"href":"https:\/\/grundschule-gickelsberg.de\/kamenz\/wp-json\/wp\/v2\/posts"}],"about":[{"href":"https:\/\/grundschule-gickelsberg.de\/kamenz\/wp-json\/wp\/v2\/types\/post"}],"author":[{"embeddable":true,"href":"https:\/\/grundschule-gickelsberg.de\/kamenz\/wp-json\/wp\/v2\/users\/1"}],"replies":[{"embeddable":true,"href":"https:\/\/grundschule-gickelsberg.de\/kamenz\/wp-json\/wp\/v2\/comments?post=1367"}],"version-history":[{"count":2,"href":"https:\/\/grundschule-gickelsberg.de\/kamenz\/wp-json\/wp\/v2\/posts\/1367\/revisions"}],"predecessor-version":[{"id":1373,"href":"https:\/\/grundschule-gickelsberg.de\/kamenz\/wp-json\/wp\/v2\/posts\/1367\/revisions\/1373"}],"wp:featuredmedia":[{"embeddable":true,"href":"https:\/\/grundschule-gickelsberg.de\/kamenz\/wp-json\/wp\/v2\/media\/1368"}],"wp:attachment":[{"href":"https:\/\/grundschule-gickelsberg.de\/kamenz\/wp-json\/wp\/v2\/media?parent=1367"}],"wp:term":[{"taxonomy":"category","embeddable":true,"href":"https:\/\/grundschule-gickelsberg.de\/kamenz\/wp-json\/wp\/v2\/categories?post=1367"},{"taxonomy":"post_tag","embeddable":true,"href":"https:\/\/grundschule-gickelsberg.de\/kamenz\/wp-json\/wp\/v2\/tags?post=1367"}],"curies":[{"name":"wp","href":"https:\/\/api.w.org\/{rel}","templated":true}]}}