{"id":1375,"date":"2025-12-05T10:06:01","date_gmt":"2025-12-05T09:06:01","guid":{"rendered":"https:\/\/grundschule-gickelsberg.de\/kamenz\/?p=1375"},"modified":"2025-12-05T10:06:05","modified_gmt":"2025-12-05T09:06:05","slug":"weihnachtsprogramm-der-grundschule-am-gickelsberg","status":"publish","type":"post","link":"https:\/\/grundschule-gickelsberg.de\/kamenz\/2025\/12\/weihnachtsprogramm-der-grundschule-am-gickelsberg\/","title":{"rendered":"Weihnachtsprogramm der Grundschule Am Gickelsberg"},"content":{"rendered":"\n<figure class=\"wp-block-image is-resized\"><img fetchpriority=\"high\" decoding=\"async\" width=\"1536\" height=\"1024\" src=\"https:\/\/grundschule-gickelsberg.de\/kamenz\/wp-content\/uploads\/2025\/12\/Weihnachtsprogramm.png\" alt=\"\" class=\"wp-image-1378\" style=\"aspect-ratio:1.5000122294239941;width:497px;height:auto\" srcset=\"https:\/\/grundschule-gickelsberg.de\/kamenz\/wp-content\/uploads\/2025\/12\/Weihnachtsprogramm.png 1536w, https:\/\/grundschule-gickelsberg.de\/kamenz\/wp-content\/uploads\/2025\/12\/Weihnachtsprogramm-300x200.png 300w, https:\/\/grundschule-gickelsberg.de\/kamenz\/wp-content\/uploads\/2025\/12\/Weihnachtsprogramm-1024x683.png 1024w, https:\/\/grundschule-gickelsberg.de\/kamenz\/wp-content\/uploads\/2025\/12\/Weihnachtsprogramm-768x512.png 768w\" sizes=\"(max-width: 1536px) 100vw, 1536px\" \/><\/figure>\n\n\n\n<p>Am Dienstag, den\u00a025. November 2025, fand im Stadttheater in Kamenz unser Weihnachtsprogramm statt. Die Kinder von der ersten bis zur vierten Klasse probten im Vorfeld flei\u00dfig f\u00fcr den Auftritt. Mit Gedichten, Liedern, Witzen, T\u00e4nzen und Instrumenten verzauberten die Kinder das Publikum. Auch die Turner der 2. und 4. Klasse waren vertreten und pr\u00e4sentierten eine Choreografie.<\/p>\n\n\n\n<p>Die Aufregung bei den Kindern war gro\u00df, aber sie haben es toll gemeistert. Insgesamt war es eine gelungene Veranstaltung, bei der die Kinder zeigen konnten, was sie in den vergangenen Wochen ge\u00fcbt hatten. Die Beitr\u00e4ge waren vielf\u00e4ltig und mit viel M\u00fche vorbereitet. F\u00fcr alle Beteiligten war es ein sch\u00f6ner Nachmittag, der eine angenehme Einstimmung auf die bevorstehende Weihnachtszeit bot.<\/p>\n\n\n\n<p>Ein herzliches Dankesch\u00f6n gilt allen Beteiligten \u2013 den Kindern, Lehrkr\u00e4ften und Helfern \u2013, die mit ihrem Engagement dieses stimmungsvolle Fest m\u00f6glich gemacht haben. Nat\u00fcrlich auch ein herzliches Dankesch\u00f6n an alle Familien, Eltern, Gro\u00dfeltern und Zuschauer. Die Kinder waren sehr stolz, Ihnen ihr Programm zu pr\u00e4sentieren.<\/p>\n\n\n\n<p><strong>Reporter-Team Gickelsberg<\/strong><\/p>\n","protected":false},"excerpt":{"rendered":"<p>Am Dienstag, den\u00a025. November 2025, fand im Stadttheater in Kamenz unser Weihnachtsprogramm statt. Die Kinder von der ersten bis zur vierten Klasse probten im Vorfeld flei\u00dfig f\u00fcr den Auftritt. Mit Gedichten, Liedern, Witzen, T\u00e4nzen und Instrumenten verzauberten die Kinder das Publikum. Auch die Turner der 2. und 4. Klasse waren vertreten und pr\u00e4sentierten eine Choreografie. [&hellip;]<\/p>\n","protected":false},"author":1,"featured_media":1378,"comment_status":"open","ping_status":"closed","sticky":false,"template":"","format":"standard","meta":{"site-sidebar-layout":"default","site-content-layout":"","ast-site-content-layout":"default","site-content-style":"default","site-sidebar-style":"default","ast-global-header-display":"","ast-banner-title-visibility":"","ast-main-header-display":"","ast-hfb-above-header-display":"","ast-hfb-below-header-display":"","ast-hfb-mobile-header-display":"","site-post-title":"","ast-breadcrumbs-content":"","ast-featured-img":"","footer-sml-layout":"","theme-transparent-header-meta":"","adv-header-id-meta":"","stick-header-meta":"","header-above-stick-meta":"","header-main-stick-meta":"","header-below-stick-meta":"","astra-migrate-meta-layouts":"set","ast-page-background-enabled":"default","ast-page-background-meta":{"desktop":{"background-color":"var(--ast-global-color-4)","background-image":"","background-repeat":"repeat","background-position":"center center","background-size":"auto","background-attachment":"scroll","background-type":"","background-media":"","overlay-type":"","overlay-color":"","overlay-opacity":"","overlay-gradient":""},"tablet":{"background-color":"","background-image":"","background-repeat":"repeat","background-position":"center center","background-size":"auto","background-attachment":"scroll","background-type":"","background-media":"","overlay-type":"","overlay-color":"","overlay-opacity":"","overlay-gradient":""},"mobile":{"background-color":"","background-image":"","background-repeat":"repeat","background-position":"center center","background-size":"auto","background-attachment":"scroll","background-type":"","background-media":"","overlay-type":"","overlay-color":"","overlay-opacity":"","overlay-gradient":""}},"ast-content-background-meta":{"desktop":{"background-color":"var(--ast-global-color-5)","background-image":"","background-repeat":"repeat","background-position":"center center","background-size":"auto","background-attachment":"scroll","background-type":"","background-media":"","overlay-type":"","overlay-color":"","overlay-opacity":"","overlay-gradient":""},"tablet":{"background-color":"var(--ast-global-color-5)","background-image":"","background-repeat":"repeat","background-position":"center center","background-size":"auto","background-attachment":"scroll","background-type":"","background-media":"","overlay-type":"","overlay-color":"","overlay-opacity":"","overlay-gradient":""},"mobile":{"background-color":"var(--ast-global-color-5)","background-image":"","background-repeat":"repeat","background-position":"center center","background-size":"auto","background-attachment":"scroll","background-type":"","background-media":"","overlay-type":"","overlay-color":"","overlay-opacity":"","overlay-gradient":""}},"_jetpack_memberships_contains_paid_content":false,"footnotes":""},"categories":[1],"tags":[],"class_list":["post-1375","post","type-post","status-publish","format-standard","has-post-thumbnail","hentry","category-allgemein"],"yoast_head":"<!-- This site is optimized with the Yoast SEO plugin v27.5 - https:\/\/yoast.com\/product\/yoast-seo-wordpress\/ -->\n<title>Weihnachtsprogramm der Grundschule Am Gickelsberg - Grundschule Am Gickelsberg<\/title>\n<meta name=\"robots\" content=\"index, follow, max-snippet:-1, max-image-preview:large, max-video-preview:-1\" \/>\n<link rel=\"canonical\" href=\"https:\/\/grundschule-gickelsberg.de\/kamenz\/2025\/12\/weihnachtsprogramm-der-grundschule-am-gickelsberg\/\" \/>\n<meta property=\"og:locale\" content=\"de_DE\" \/>\n<meta property=\"og:type\" content=\"article\" \/>\n<meta property=\"og:title\" content=\"Weihnachtsprogramm der Grundschule Am Gickelsberg - Grundschule Am Gickelsberg\" \/>\n<meta property=\"og:description\" content=\"Am Dienstag, den\u00a025. November 2025, fand im Stadttheater in Kamenz unser Weihnachtsprogramm statt. Die Kinder von der ersten bis zur vierten Klasse probten im Vorfeld flei\u00dfig f\u00fcr den Auftritt. Mit Gedichten, Liedern, Witzen, T\u00e4nzen und Instrumenten verzauberten die Kinder das Publikum. Auch die Turner der 2. und 4. Klasse waren vertreten und pr\u00e4sentierten eine Choreografie. [&hellip;]\" \/>\n<meta property=\"og:url\" content=\"https:\/\/grundschule-gickelsberg.de\/kamenz\/2025\/12\/weihnachtsprogramm-der-grundschule-am-gickelsberg\/\" \/>\n<meta property=\"og:site_name\" content=\"Grundschule Am Gickelsberg\" \/>\n<meta property=\"article:published_time\" content=\"2025-12-05T09:06:01+00:00\" \/>\n<meta property=\"article:modified_time\" content=\"2025-12-05T09:06:05+00:00\" \/>\n<meta property=\"og:image\" content=\"https:\/\/grundschule-gickelsberg.de\/kamenz\/wp-content\/uploads\/2025\/12\/Weihnachtsprogramm-1024x683.png\" \/>\n\t<meta property=\"og:image:width\" content=\"1024\" \/>\n\t<meta property=\"og:image:height\" content=\"683\" \/>\n\t<meta property=\"og:image:type\" content=\"image\/png\" \/>\n<meta name=\"author\" content=\"admin\" \/>\n<meta name=\"twitter:card\" content=\"summary_large_image\" \/>\n<meta name=\"twitter:label1\" content=\"Verfasst von\" \/>\n\t<meta name=\"twitter:data1\" content=\"admin\" \/>\n\t<meta name=\"twitter:label2\" content=\"Gesch\u00e4tzte Lesezeit\" \/>\n\t<meta name=\"twitter:data2\" content=\"2\u00a0Minuten\" \/>\n<script type=\"application\/ld+json\" class=\"yoast-schema-graph\">{\"@context\":\"https:\\\/\\\/schema.org\",\"@graph\":[{\"@type\":\"Article\",\"@id\":\"https:\\\/\\\/grundschule-gickelsberg.de\\\/kamenz\\\/2025\\\/12\\\/weihnachtsprogramm-der-grundschule-am-gickelsberg\\\/#article\",\"isPartOf\":{\"@id\":\"https:\\\/\\\/grundschule-gickelsberg.de\\\/kamenz\\\/2025\\\/12\\\/weihnachtsprogramm-der-grundschule-am-gickelsberg\\\/\"},\"author\":{\"name\":\"admin\",\"@id\":\"https:\\\/\\\/grundschule-gickelsberg.de\\\/kamenz\\\/#\\\/schema\\\/person\\\/b1106c79557fa92400dc8e26459891ab\"},\"headline\":\"Weihnachtsprogramm der Grundschule Am Gickelsberg\",\"datePublished\":\"2025-12-05T09:06:01+00:00\",\"dateModified\":\"2025-12-05T09:06:05+00:00\",\"mainEntityOfPage\":{\"@id\":\"https:\\\/\\\/grundschule-gickelsberg.de\\\/kamenz\\\/2025\\\/12\\\/weihnachtsprogramm-der-grundschule-am-gickelsberg\\\/\"},\"wordCount\":178,\"commentCount\":0,\"publisher\":{\"@id\":\"https:\\\/\\\/grundschule-gickelsberg.de\\\/kamenz\\\/#organization\"},\"image\":{\"@id\":\"https:\\\/\\\/grundschule-gickelsberg.de\\\/kamenz\\\/2025\\\/12\\\/weihnachtsprogramm-der-grundschule-am-gickelsberg\\\/#primaryimage\"},\"thumbnailUrl\":\"https:\\\/\\\/grundschule-gickelsberg.de\\\/kamenz\\\/wp-content\\\/uploads\\\/2025\\\/12\\\/Weihnachtsprogramm.png\",\"articleSection\":[\"Allgemeines\"],\"inLanguage\":\"de\",\"potentialAction\":[{\"@type\":\"CommentAction\",\"name\":\"Comment\",\"target\":[\"https:\\\/\\\/grundschule-gickelsberg.de\\\/kamenz\\\/2025\\\/12\\\/weihnachtsprogramm-der-grundschule-am-gickelsberg\\\/#respond\"]}]},{\"@type\":\"WebPage\",\"@id\":\"https:\\\/\\\/grundschule-gickelsberg.de\\\/kamenz\\\/2025\\\/12\\\/weihnachtsprogramm-der-grundschule-am-gickelsberg\\\/\",\"url\":\"https:\\\/\\\/grundschule-gickelsberg.de\\\/kamenz\\\/2025\\\/12\\\/weihnachtsprogramm-der-grundschule-am-gickelsberg\\\/\",\"name\":\"Weihnachtsprogramm der Grundschule Am Gickelsberg - Grundschule Am Gickelsberg\",\"isPartOf\":{\"@id\":\"https:\\\/\\\/grundschule-gickelsberg.de\\\/kamenz\\\/#website\"},\"primaryImageOfPage\":{\"@id\":\"https:\\\/\\\/grundschule-gickelsberg.de\\\/kamenz\\\/2025\\\/12\\\/weihnachtsprogramm-der-grundschule-am-gickelsberg\\\/#primaryimage\"},\"image\":{\"@id\":\"https:\\\/\\\/grundschule-gickelsberg.de\\\/kamenz\\\/2025\\\/12\\\/weihnachtsprogramm-der-grundschule-am-gickelsberg\\\/#primaryimage\"},\"thumbnailUrl\":\"https:\\\/\\\/grundschule-gickelsberg.de\\\/kamenz\\\/wp-content\\\/uploads\\\/2025\\\/12\\\/Weihnachtsprogramm.png\",\"datePublished\":\"2025-12-05T09:06:01+00:00\",\"dateModified\":\"2025-12-05T09:06:05+00:00\",\"breadcrumb\":{\"@id\":\"https:\\\/\\\/grundschule-gickelsberg.de\\\/kamenz\\\/2025\\\/12\\\/weihnachtsprogramm-der-grundschule-am-gickelsberg\\\/#breadcrumb\"},\"inLanguage\":\"de\",\"potentialAction\":[{\"@type\":\"ReadAction\",\"target\":[\"https:\\\/\\\/grundschule-gickelsberg.de\\\/kamenz\\\/2025\\\/12\\\/weihnachtsprogramm-der-grundschule-am-gickelsberg\\\/\"]}]},{\"@type\":\"ImageObject\",\"inLanguage\":\"de\",\"@id\":\"https:\\\/\\\/grundschule-gickelsberg.de\\\/kamenz\\\/2025\\\/12\\\/weihnachtsprogramm-der-grundschule-am-gickelsberg\\\/#primaryimage\",\"url\":\"https:\\\/\\\/grundschule-gickelsberg.de\\\/kamenz\\\/wp-content\\\/uploads\\\/2025\\\/12\\\/Weihnachtsprogramm.png\",\"contentUrl\":\"https:\\\/\\\/grundschule-gickelsberg.de\\\/kamenz\\\/wp-content\\\/uploads\\\/2025\\\/12\\\/Weihnachtsprogramm.png\",\"width\":1536,\"height\":1024},{\"@type\":\"BreadcrumbList\",\"@id\":\"https:\\\/\\\/grundschule-gickelsberg.de\\\/kamenz\\\/2025\\\/12\\\/weihnachtsprogramm-der-grundschule-am-gickelsberg\\\/#breadcrumb\",\"itemListElement\":[{\"@type\":\"ListItem\",\"position\":1,\"name\":\"Startseite\",\"item\":\"https:\\\/\\\/grundschule-gickelsberg.de\\\/kamenz\\\/\"},{\"@type\":\"ListItem\",\"position\":2,\"name\":\"Weihnachtsprogramm der Grundschule Am Gickelsberg\"}]},{\"@type\":\"WebSite\",\"@id\":\"https:\\\/\\\/grundschule-gickelsberg.de\\\/kamenz\\\/#website\",\"url\":\"https:\\\/\\\/grundschule-gickelsberg.de\\\/kamenz\\\/\",\"name\":\"Grundschule Am Gickelsberg\",\"description\":\"Die Kamenzer Schule ist eine von 4 Grundschulen mit Ganztagsbetreuung. Im Jahr 2023 wurde die Schule mit digitalen Lernmedien ausgestattet.\",\"publisher\":{\"@id\":\"https:\\\/\\\/grundschule-gickelsberg.de\\\/kamenz\\\/#organization\"},\"potentialAction\":[{\"@type\":\"SearchAction\",\"target\":{\"@type\":\"EntryPoint\",\"urlTemplate\":\"https:\\\/\\\/grundschule-gickelsberg.de\\\/kamenz\\\/?s={search_term_string}\"},\"query-input\":{\"@type\":\"PropertyValueSpecification\",\"valueRequired\":true,\"valueName\":\"search_term_string\"}}],\"inLanguage\":\"de\"},{\"@type\":\"Organization\",\"@id\":\"https:\\\/\\\/grundschule-gickelsberg.de\\\/kamenz\\\/#organization\",\"name\":\"Grundschule Am Gickelsberg\",\"url\":\"https:\\\/\\\/grundschule-gickelsberg.de\\\/kamenz\\\/\",\"logo\":{\"@type\":\"ImageObject\",\"inLanguage\":\"de\",\"@id\":\"https:\\\/\\\/grundschule-gickelsberg.de\\\/kamenz\\\/#\\\/schema\\\/logo\\\/image\\\/\",\"url\":\"https:\\\/\\\/grundschule-gickelsberg.de\\\/kamenz\\\/wp-content\\\/uploads\\\/2023\\\/08\\\/gickel.png\",\"contentUrl\":\"https:\\\/\\\/grundschule-gickelsberg.de\\\/kamenz\\\/wp-content\\\/uploads\\\/2023\\\/08\\\/gickel.png\",\"width\":126,\"height\":136,\"caption\":\"Grundschule Am Gickelsberg\"},\"image\":{\"@id\":\"https:\\\/\\\/grundschule-gickelsberg.de\\\/kamenz\\\/#\\\/schema\\\/logo\\\/image\\\/\"}},{\"@type\":\"Person\",\"@id\":\"https:\\\/\\\/grundschule-gickelsberg.de\\\/kamenz\\\/#\\\/schema\\\/person\\\/b1106c79557fa92400dc8e26459891ab\",\"name\":\"admin\",\"image\":{\"@type\":\"ImageObject\",\"inLanguage\":\"de\",\"@id\":\"https:\\\/\\\/secure.gravatar.com\\\/avatar\\\/80bab9dd04cc8ed99694ea9ea7893cb1ec2630d8d32deb2ac9a3cbe026555573?s=96&d=mm&r=g\",\"url\":\"https:\\\/\\\/secure.gravatar.com\\\/avatar\\\/80bab9dd04cc8ed99694ea9ea7893cb1ec2630d8d32deb2ac9a3cbe026555573?s=96&d=mm&r=g\",\"contentUrl\":\"https:\\\/\\\/secure.gravatar.com\\\/avatar\\\/80bab9dd04cc8ed99694ea9ea7893cb1ec2630d8d32deb2ac9a3cbe026555573?s=96&d=mm&r=g\",\"caption\":\"admin\"},\"sameAs\":[\"https:\\\/\\\/grundschule-gickelsberg.de\\\/kamenz\"],\"url\":\"https:\\\/\\\/grundschule-gickelsberg.de\\\/kamenz\\\/author\\\/gsgickel_cmsadmin\\\/\"}]}<\/script>\n<!-- \/ Yoast SEO plugin. -->","yoast_head_json":{"title":"Weihnachtsprogramm der Grundschule Am Gickelsberg - Grundschule Am Gickelsberg","robots":{"index":"index","follow":"follow","max-snippet":"max-snippet:-1","max-image-preview":"max-image-preview:large","max-video-preview":"max-video-preview:-1"},"canonical":"https:\/\/grundschule-gickelsberg.de\/kamenz\/2025\/12\/weihnachtsprogramm-der-grundschule-am-gickelsberg\/","og_locale":"de_DE","og_type":"article","og_title":"Weihnachtsprogramm der Grundschule Am Gickelsberg - Grundschule Am Gickelsberg","og_description":"Am Dienstag, den\u00a025. November 2025, fand im Stadttheater in Kamenz unser Weihnachtsprogramm statt. Die Kinder von der ersten bis zur vierten Klasse probten im Vorfeld flei\u00dfig f\u00fcr den Auftritt. Mit Gedichten, Liedern, Witzen, T\u00e4nzen und Instrumenten verzauberten die Kinder das Publikum. Auch die Turner der 2. und 4. Klasse waren vertreten und pr\u00e4sentierten eine Choreografie. [&hellip;]","og_url":"https:\/\/grundschule-gickelsberg.de\/kamenz\/2025\/12\/weihnachtsprogramm-der-grundschule-am-gickelsberg\/","og_site_name":"Grundschule Am Gickelsberg","article_published_time":"2025-12-05T09:06:01+00:00","article_modified_time":"2025-12-05T09:06:05+00:00","og_image":[{"width":1024,"height":683,"url":"https:\/\/grundschule-gickelsberg.de\/kamenz\/wp-content\/uploads\/2025\/12\/Weihnachtsprogramm-1024x683.png","type":"image\/png"}],"author":"admin","twitter_card":"summary_large_image","twitter_misc":{"Verfasst von":"admin","Gesch\u00e4tzte Lesezeit":"2\u00a0Minuten"},"schema":{"@context":"https:\/\/schema.org","@graph":[{"@type":"Article","@id":"https:\/\/grundschule-gickelsberg.de\/kamenz\/2025\/12\/weihnachtsprogramm-der-grundschule-am-gickelsberg\/#article","isPartOf":{"@id":"https:\/\/grundschule-gickelsberg.de\/kamenz\/2025\/12\/weihnachtsprogramm-der-grundschule-am-gickelsberg\/"},"author":{"name":"admin","@id":"https:\/\/grundschule-gickelsberg.de\/kamenz\/#\/schema\/person\/b1106c79557fa92400dc8e26459891ab"},"headline":"Weihnachtsprogramm der Grundschule Am Gickelsberg","datePublished":"2025-12-05T09:06:01+00:00","dateModified":"2025-12-05T09:06:05+00:00","mainEntityOfPage":{"@id":"https:\/\/grundschule-gickelsberg.de\/kamenz\/2025\/12\/weihnachtsprogramm-der-grundschule-am-gickelsberg\/"},"wordCount":178,"commentCount":0,"publisher":{"@id":"https:\/\/grundschule-gickelsberg.de\/kamenz\/#organization"},"image":{"@id":"https:\/\/grundschule-gickelsberg.de\/kamenz\/2025\/12\/weihnachtsprogramm-der-grundschule-am-gickelsberg\/#primaryimage"},"thumbnailUrl":"https:\/\/grundschule-gickelsberg.de\/kamenz\/wp-content\/uploads\/2025\/12\/Weihnachtsprogramm.png","articleSection":["Allgemeines"],"inLanguage":"de","potentialAction":[{"@type":"CommentAction","name":"Comment","target":["https:\/\/grundschule-gickelsberg.de\/kamenz\/2025\/12\/weihnachtsprogramm-der-grundschule-am-gickelsberg\/#respond"]}]},{"@type":"WebPage","@id":"https:\/\/grundschule-gickelsberg.de\/kamenz\/2025\/12\/weihnachtsprogramm-der-grundschule-am-gickelsberg\/","url":"https:\/\/grundschule-gickelsberg.de\/kamenz\/2025\/12\/weihnachtsprogramm-der-grundschule-am-gickelsberg\/","name":"Weihnachtsprogramm der Grundschule Am Gickelsberg - Grundschule Am Gickelsberg","isPartOf":{"@id":"https:\/\/grundschule-gickelsberg.de\/kamenz\/#website"},"primaryImageOfPage":{"@id":"https:\/\/grundschule-gickelsberg.de\/kamenz\/2025\/12\/weihnachtsprogramm-der-grundschule-am-gickelsberg\/#primaryimage"},"image":{"@id":"https:\/\/grundschule-gickelsberg.de\/kamenz\/2025\/12\/weihnachtsprogramm-der-grundschule-am-gickelsberg\/#primaryimage"},"thumbnailUrl":"https:\/\/grundschule-gickelsberg.de\/kamenz\/wp-content\/uploads\/2025\/12\/Weihnachtsprogramm.png","datePublished":"2025-12-05T09:06:01+00:00","dateModified":"2025-12-05T09:06:05+00:00","breadcrumb":{"@id":"https:\/\/grundschule-gickelsberg.de\/kamenz\/2025\/12\/weihnachtsprogramm-der-grundschule-am-gickelsberg\/#breadcrumb"},"inLanguage":"de","potentialAction":[{"@type":"ReadAction","target":["https:\/\/grundschule-gickelsberg.de\/kamenz\/2025\/12\/weihnachtsprogramm-der-grundschule-am-gickelsberg\/"]}]},{"@type":"ImageObject","inLanguage":"de","@id":"https:\/\/grundschule-gickelsberg.de\/kamenz\/2025\/12\/weihnachtsprogramm-der-grundschule-am-gickelsberg\/#primaryimage","url":"https:\/\/grundschule-gickelsberg.de\/kamenz\/wp-content\/uploads\/2025\/12\/Weihnachtsprogramm.png","contentUrl":"https:\/\/grundschule-gickelsberg.de\/kamenz\/wp-content\/uploads\/2025\/12\/Weihnachtsprogramm.png","width":1536,"height":1024},{"@type":"BreadcrumbList","@id":"https:\/\/grundschule-gickelsberg.de\/kamenz\/2025\/12\/weihnachtsprogramm-der-grundschule-am-gickelsberg\/#breadcrumb","itemListElement":[{"@type":"ListItem","position":1,"name":"Startseite","item":"https:\/\/grundschule-gickelsberg.de\/kamenz\/"},{"@type":"ListItem","position":2,"name":"Weihnachtsprogramm der Grundschule Am Gickelsberg"}]},{"@type":"WebSite","@id":"https:\/\/grundschule-gickelsberg.de\/kamenz\/#website","url":"https:\/\/grundschule-gickelsberg.de\/kamenz\/","name":"Grundschule Am Gickelsberg","description":"Die Kamenzer Schule ist eine von 4 Grundschulen mit Ganztagsbetreuung. Im Jahr 2023 wurde die Schule mit digitalen Lernmedien ausgestattet.","publisher":{"@id":"https:\/\/grundschule-gickelsberg.de\/kamenz\/#organization"},"potentialAction":[{"@type":"SearchAction","target":{"@type":"EntryPoint","urlTemplate":"https:\/\/grundschule-gickelsberg.de\/kamenz\/?s={search_term_string}"},"query-input":{"@type":"PropertyValueSpecification","valueRequired":true,"valueName":"search_term_string"}}],"inLanguage":"de"},{"@type":"Organization","@id":"https:\/\/grundschule-gickelsberg.de\/kamenz\/#organization","name":"Grundschule Am Gickelsberg","url":"https:\/\/grundschule-gickelsberg.de\/kamenz\/","logo":{"@type":"ImageObject","inLanguage":"de","@id":"https:\/\/grundschule-gickelsberg.de\/kamenz\/#\/schema\/logo\/image\/","url":"https:\/\/grundschule-gickelsberg.de\/kamenz\/wp-content\/uploads\/2023\/08\/gickel.png","contentUrl":"https:\/\/grundschule-gickelsberg.de\/kamenz\/wp-content\/uploads\/2023\/08\/gickel.png","width":126,"height":136,"caption":"Grundschule Am Gickelsberg"},"image":{"@id":"https:\/\/grundschule-gickelsberg.de\/kamenz\/#\/schema\/logo\/image\/"}},{"@type":"Person","@id":"https:\/\/grundschule-gickelsberg.de\/kamenz\/#\/schema\/person\/b1106c79557fa92400dc8e26459891ab","name":"admin","image":{"@type":"ImageObject","inLanguage":"de","@id":"https:\/\/secure.gravatar.com\/avatar\/80bab9dd04cc8ed99694ea9ea7893cb1ec2630d8d32deb2ac9a3cbe026555573?s=96&d=mm&r=g","url":"https:\/\/secure.gravatar.com\/avatar\/80bab9dd04cc8ed99694ea9ea7893cb1ec2630d8d32deb2ac9a3cbe026555573?s=96&d=mm&r=g","contentUrl":"https:\/\/secure.gravatar.com\/avatar\/80bab9dd04cc8ed99694ea9ea7893cb1ec2630d8d32deb2ac9a3cbe026555573?s=96&d=mm&r=g","caption":"admin"},"sameAs":["https:\/\/grundschule-gickelsberg.de\/kamenz"],"url":"https:\/\/grundschule-gickelsberg.de\/kamenz\/author\/gsgickel_cmsadmin\/"}]}},"jetpack_featured_media_url":"https:\/\/grundschule-gickelsberg.de\/kamenz\/wp-content\/uploads\/2025\/12\/Weihnachtsprogramm.png","jetpack_sharing_enabled":true,"_links":{"self":[{"href":"https:\/\/grundschule-gickelsberg.de\/kamenz\/wp-json\/wp\/v2\/posts\/1375","targetHints":{"allow":["GET"]}}],"collection":[{"href":"https:\/\/grundschule-gickelsberg.de\/kamenz\/wp-json\/wp\/v2\/posts"}],"about":[{"href":"https:\/\/grundschule-gickelsberg.de\/kamenz\/wp-json\/wp\/v2\/types\/post"}],"author":[{"embeddable":true,"href":"https:\/\/grundschule-gickelsberg.de\/kamenz\/wp-json\/wp\/v2\/users\/1"}],"replies":[{"embeddable":true,"href":"https:\/\/grundschule-gickelsberg.de\/kamenz\/wp-json\/wp\/v2\/comments?post=1375"}],"version-history":[{"count":3,"href":"https:\/\/grundschule-gickelsberg.de\/kamenz\/wp-json\/wp\/v2\/posts\/1375\/revisions"}],"predecessor-version":[{"id":1379,"href":"https:\/\/grundschule-gickelsberg.de\/kamenz\/wp-json\/wp\/v2\/posts\/1375\/revisions\/1379"}],"wp:featuredmedia":[{"embeddable":true,"href":"https:\/\/grundschule-gickelsberg.de\/kamenz\/wp-json\/wp\/v2\/media\/1378"}],"wp:attachment":[{"href":"https:\/\/grundschule-gickelsberg.de\/kamenz\/wp-json\/wp\/v2\/media?parent=1375"}],"wp:term":[{"taxonomy":"category","embeddable":true,"href":"https:\/\/grundschule-gickelsberg.de\/kamenz\/wp-json\/wp\/v2\/categories?post=1375"},{"taxonomy":"post_tag","embeddable":true,"href":"https:\/\/grundschule-gickelsberg.de\/kamenz\/wp-json\/wp\/v2\/tags?post=1375"}],"curies":[{"name":"wp","href":"https:\/\/api.w.org\/{rel}","templated":true}]}}