{"id":1390,"date":"2026-01-01T19:03:49","date_gmt":"2026-01-01T18:03:49","guid":{"rendered":"https:\/\/grundschule-gickelsberg.de\/kamenz\/?p=1390"},"modified":"2026-01-01T19:03:50","modified_gmt":"2026-01-01T18:03:50","slug":"start-ins-jahr-2026","status":"publish","type":"post","link":"https:\/\/grundschule-gickelsberg.de\/kamenz\/2026\/01\/start-ins-jahr-2026\/","title":{"rendered":"Start ins Jahr 2026"},"content":{"rendered":"\n<figure class=\"wp-block-image is-resized\"><img fetchpriority=\"high\" decoding=\"async\" width=\"1536\" height=\"1024\" src=\"https:\/\/grundschule-gickelsberg.de\/kamenz\/wp-content\/uploads\/2026\/01\/Feier-zum-Jahr-2026-in-Kamenz.png\" alt=\"\" class=\"wp-image-1392\" style=\"aspect-ratio:1.5000122294239941;width:361px;height:auto\" srcset=\"https:\/\/grundschule-gickelsberg.de\/kamenz\/wp-content\/uploads\/2026\/01\/Feier-zum-Jahr-2026-in-Kamenz.png 1536w, https:\/\/grundschule-gickelsberg.de\/kamenz\/wp-content\/uploads\/2026\/01\/Feier-zum-Jahr-2026-in-Kamenz-300x200.png 300w, https:\/\/grundschule-gickelsberg.de\/kamenz\/wp-content\/uploads\/2026\/01\/Feier-zum-Jahr-2026-in-Kamenz-1024x683.png 1024w, https:\/\/grundschule-gickelsberg.de\/kamenz\/wp-content\/uploads\/2026\/01\/Feier-zum-Jahr-2026-in-Kamenz-768x512.png 768w\" sizes=\"(max-width: 1536px) 100vw, 1536px\" \/><\/figure>\n\n\n\n<p><strong>Liebe Eltern und liebe Kinder<\/strong>,<\/p>\n\n\n\n<p>wir w\u00fcnschen Ihnen und euch ein gesundes und frohes neues Jahr 2026.<\/p>\n\n\n\n<p>F\u00fcr das neue Jahr w\u00fcnschen wir unseren Kindern Freude am Lernen, Neugier und viele sch\u00f6ne gemeinsame Erlebnisse. Den Eltern danken wir f\u00fcr die Zusammenarbeit und das Vertrauen. Auch im kommenden Jahr m\u00f6chten wir die Kinder gemeinsam begleiten und unterst\u00fctzen.<\/p>\n\n\n\n<p>Wir freuen uns auf ein weiteres Jahr des Lernens, Entdeckens, Lachens und der Zusammenarbeit an unserer Schule.<\/p>\n\n\n\n<p><strong>Alles Gute f\u00fcr 2026!<\/strong><\/p>\n\n\n\n<p>W\u00fcnschen<br>das Team der Grundschule Am Gickelsberg und das Reporter-Team Gickelsberg<\/p>\n\n\n\n<p><\/p>\n","protected":false},"excerpt":{"rendered":"<p>Liebe Eltern und liebe Kinder, wir w\u00fcnschen Ihnen und euch ein gesundes und frohes neues Jahr 2026. F\u00fcr das neue Jahr w\u00fcnschen wir unseren Kindern Freude am Lernen, Neugier und viele sch\u00f6ne gemeinsame Erlebnisse. Den Eltern danken wir f\u00fcr die Zusammenarbeit und das Vertrauen. Auch im kommenden Jahr m\u00f6chten wir die Kinder gemeinsam begleiten und [&hellip;]<\/p>\n","protected":false},"author":1,"featured_media":1392,"comment_status":"open","ping_status":"closed","sticky":false,"template":"","format":"standard","meta":{"site-sidebar-layout":"default","site-content-layout":"","ast-site-content-layout":"default","site-content-style":"default","site-sidebar-style":"default","ast-global-header-display":"","ast-banner-title-visibility":"","ast-main-header-display":"","ast-hfb-above-header-display":"","ast-hfb-below-header-display":"","ast-hfb-mobile-header-display":"","site-post-title":"","ast-breadcrumbs-content":"","ast-featured-img":"","footer-sml-layout":"","theme-transparent-header-meta":"","adv-header-id-meta":"","stick-header-meta":"","header-above-stick-meta":"","header-main-stick-meta":"","header-below-stick-meta":"","astra-migrate-meta-layouts":"set","ast-page-background-enabled":"default","ast-page-background-meta":{"desktop":{"background-color":"var(--ast-global-color-4)","background-image":"","background-repeat":"repeat","background-position":"center center","background-size":"auto","background-attachment":"scroll","background-type":"","background-media":"","overlay-type":"","overlay-color":"","overlay-opacity":"","overlay-gradient":""},"tablet":{"background-color":"","background-image":"","background-repeat":"repeat","background-position":"center center","background-size":"auto","background-attachment":"scroll","background-type":"","background-media":"","overlay-type":"","overlay-color":"","overlay-opacity":"","overlay-gradient":""},"mobile":{"background-color":"","background-image":"","background-repeat":"repeat","background-position":"center center","background-size":"auto","background-attachment":"scroll","background-type":"","background-media":"","overlay-type":"","overlay-color":"","overlay-opacity":"","overlay-gradient":""}},"ast-content-background-meta":{"desktop":{"background-color":"var(--ast-global-color-5)","background-image":"","background-repeat":"repeat","background-position":"center center","background-size":"auto","background-attachment":"scroll","background-type":"","background-media":"","overlay-type":"","overlay-color":"","overlay-opacity":"","overlay-gradient":""},"tablet":{"background-color":"var(--ast-global-color-5)","background-image":"","background-repeat":"repeat","background-position":"center center","background-size":"auto","background-attachment":"scroll","background-type":"","background-media":"","overlay-type":"","overlay-color":"","overlay-opacity":"","overlay-gradient":""},"mobile":{"background-color":"var(--ast-global-color-5)","background-image":"","background-repeat":"repeat","background-position":"center center","background-size":"auto","background-attachment":"scroll","background-type":"","background-media":"","overlay-type":"","overlay-color":"","overlay-opacity":"","overlay-gradient":""}},"_jetpack_memberships_contains_paid_content":false,"footnotes":""},"categories":[1],"tags":[],"class_list":["post-1390","post","type-post","status-publish","format-standard","has-post-thumbnail","hentry","category-allgemein"],"yoast_head":"<!-- This site is optimized with the Yoast SEO plugin v27.5 - https:\/\/yoast.com\/product\/yoast-seo-wordpress\/ -->\n<title>Start ins Jahr 2026 - Grundschule Am Gickelsberg<\/title>\n<meta name=\"robots\" content=\"index, follow, max-snippet:-1, max-image-preview:large, max-video-preview:-1\" \/>\n<link rel=\"canonical\" href=\"https:\/\/grundschule-gickelsberg.de\/kamenz\/2026\/01\/start-ins-jahr-2026\/\" \/>\n<meta property=\"og:locale\" content=\"de_DE\" \/>\n<meta property=\"og:type\" content=\"article\" \/>\n<meta property=\"og:title\" content=\"Start ins Jahr 2026 - Grundschule Am Gickelsberg\" \/>\n<meta property=\"og:description\" content=\"Liebe Eltern und liebe Kinder, wir w\u00fcnschen Ihnen und euch ein gesundes und frohes neues Jahr 2026. F\u00fcr das neue Jahr w\u00fcnschen wir unseren Kindern Freude am Lernen, Neugier und viele sch\u00f6ne gemeinsame Erlebnisse. Den Eltern danken wir f\u00fcr die Zusammenarbeit und das Vertrauen. Auch im kommenden Jahr m\u00f6chten wir die Kinder gemeinsam begleiten und [&hellip;]\" \/>\n<meta property=\"og:url\" content=\"https:\/\/grundschule-gickelsberg.de\/kamenz\/2026\/01\/start-ins-jahr-2026\/\" \/>\n<meta property=\"og:site_name\" content=\"Grundschule Am Gickelsberg\" \/>\n<meta property=\"article:published_time\" content=\"2026-01-01T18:03:49+00:00\" \/>\n<meta property=\"article:modified_time\" content=\"2026-01-01T18:03:50+00:00\" \/>\n<meta property=\"og:image\" content=\"https:\/\/grundschule-gickelsberg.de\/kamenz\/wp-content\/uploads\/2026\/01\/Feier-zum-Jahr-2026-in-Kamenz-1024x683.png\" \/>\n\t<meta property=\"og:image:width\" content=\"1024\" \/>\n\t<meta property=\"og:image:height\" content=\"683\" \/>\n\t<meta property=\"og:image:type\" content=\"image\/png\" \/>\n<meta name=\"author\" content=\"admin\" \/>\n<meta name=\"twitter:card\" content=\"summary_large_image\" \/>\n<meta name=\"twitter:label1\" content=\"Verfasst von\" \/>\n\t<meta name=\"twitter:data1\" content=\"admin\" \/>\n\t<meta name=\"twitter:label2\" content=\"Gesch\u00e4tzte Lesezeit\" \/>\n\t<meta name=\"twitter:data2\" content=\"1\u00a0Minute\" \/>\n<script type=\"application\/ld+json\" class=\"yoast-schema-graph\">{\"@context\":\"https:\\\/\\\/schema.org\",\"@graph\":[{\"@type\":\"Article\",\"@id\":\"https:\\\/\\\/grundschule-gickelsberg.de\\\/kamenz\\\/2026\\\/01\\\/start-ins-jahr-2026\\\/#article\",\"isPartOf\":{\"@id\":\"https:\\\/\\\/grundschule-gickelsberg.de\\\/kamenz\\\/2026\\\/01\\\/start-ins-jahr-2026\\\/\"},\"author\":{\"name\":\"admin\",\"@id\":\"https:\\\/\\\/grundschule-gickelsberg.de\\\/kamenz\\\/#\\\/schema\\\/person\\\/b1106c79557fa92400dc8e26459891ab\"},\"headline\":\"Start ins Jahr 2026\",\"datePublished\":\"2026-01-01T18:03:49+00:00\",\"dateModified\":\"2026-01-01T18:03:50+00:00\",\"mainEntityOfPage\":{\"@id\":\"https:\\\/\\\/grundschule-gickelsberg.de\\\/kamenz\\\/2026\\\/01\\\/start-ins-jahr-2026\\\/\"},\"wordCount\":97,\"commentCount\":0,\"publisher\":{\"@id\":\"https:\\\/\\\/grundschule-gickelsberg.de\\\/kamenz\\\/#organization\"},\"image\":{\"@id\":\"https:\\\/\\\/grundschule-gickelsberg.de\\\/kamenz\\\/2026\\\/01\\\/start-ins-jahr-2026\\\/#primaryimage\"},\"thumbnailUrl\":\"https:\\\/\\\/grundschule-gickelsberg.de\\\/kamenz\\\/wp-content\\\/uploads\\\/2026\\\/01\\\/Feier-zum-Jahr-2026-in-Kamenz.png\",\"articleSection\":[\"Allgemeines\"],\"inLanguage\":\"de\",\"potentialAction\":[{\"@type\":\"CommentAction\",\"name\":\"Comment\",\"target\":[\"https:\\\/\\\/grundschule-gickelsberg.de\\\/kamenz\\\/2026\\\/01\\\/start-ins-jahr-2026\\\/#respond\"]}]},{\"@type\":\"WebPage\",\"@id\":\"https:\\\/\\\/grundschule-gickelsberg.de\\\/kamenz\\\/2026\\\/01\\\/start-ins-jahr-2026\\\/\",\"url\":\"https:\\\/\\\/grundschule-gickelsberg.de\\\/kamenz\\\/2026\\\/01\\\/start-ins-jahr-2026\\\/\",\"name\":\"Start ins Jahr 2026 - Grundschule Am Gickelsberg\",\"isPartOf\":{\"@id\":\"https:\\\/\\\/grundschule-gickelsberg.de\\\/kamenz\\\/#website\"},\"primaryImageOfPage\":{\"@id\":\"https:\\\/\\\/grundschule-gickelsberg.de\\\/kamenz\\\/2026\\\/01\\\/start-ins-jahr-2026\\\/#primaryimage\"},\"image\":{\"@id\":\"https:\\\/\\\/grundschule-gickelsberg.de\\\/kamenz\\\/2026\\\/01\\\/start-ins-jahr-2026\\\/#primaryimage\"},\"thumbnailUrl\":\"https:\\\/\\\/grundschule-gickelsberg.de\\\/kamenz\\\/wp-content\\\/uploads\\\/2026\\\/01\\\/Feier-zum-Jahr-2026-in-Kamenz.png\",\"datePublished\":\"2026-01-01T18:03:49+00:00\",\"dateModified\":\"2026-01-01T18:03:50+00:00\",\"breadcrumb\":{\"@id\":\"https:\\\/\\\/grundschule-gickelsberg.de\\\/kamenz\\\/2026\\\/01\\\/start-ins-jahr-2026\\\/#breadcrumb\"},\"inLanguage\":\"de\",\"potentialAction\":[{\"@type\":\"ReadAction\",\"target\":[\"https:\\\/\\\/grundschule-gickelsberg.de\\\/kamenz\\\/2026\\\/01\\\/start-ins-jahr-2026\\\/\"]}]},{\"@type\":\"ImageObject\",\"inLanguage\":\"de\",\"@id\":\"https:\\\/\\\/grundschule-gickelsberg.de\\\/kamenz\\\/2026\\\/01\\\/start-ins-jahr-2026\\\/#primaryimage\",\"url\":\"https:\\\/\\\/grundschule-gickelsberg.de\\\/kamenz\\\/wp-content\\\/uploads\\\/2026\\\/01\\\/Feier-zum-Jahr-2026-in-Kamenz.png\",\"contentUrl\":\"https:\\\/\\\/grundschule-gickelsberg.de\\\/kamenz\\\/wp-content\\\/uploads\\\/2026\\\/01\\\/Feier-zum-Jahr-2026-in-Kamenz.png\",\"width\":1536,\"height\":1024},{\"@type\":\"BreadcrumbList\",\"@id\":\"https:\\\/\\\/grundschule-gickelsberg.de\\\/kamenz\\\/2026\\\/01\\\/start-ins-jahr-2026\\\/#breadcrumb\",\"itemListElement\":[{\"@type\":\"ListItem\",\"position\":1,\"name\":\"Startseite\",\"item\":\"https:\\\/\\\/grundschule-gickelsberg.de\\\/kamenz\\\/\"},{\"@type\":\"ListItem\",\"position\":2,\"name\":\"Start ins Jahr 2026\"}]},{\"@type\":\"WebSite\",\"@id\":\"https:\\\/\\\/grundschule-gickelsberg.de\\\/kamenz\\\/#website\",\"url\":\"https:\\\/\\\/grundschule-gickelsberg.de\\\/kamenz\\\/\",\"name\":\"Grundschule Am Gickelsberg\",\"description\":\"Die Kamenzer Schule ist eine von 4 Grundschulen mit Ganztagsbetreuung. Im Jahr 2023 wurde die Schule mit digitalen Lernmedien ausgestattet.\",\"publisher\":{\"@id\":\"https:\\\/\\\/grundschule-gickelsberg.de\\\/kamenz\\\/#organization\"},\"potentialAction\":[{\"@type\":\"SearchAction\",\"target\":{\"@type\":\"EntryPoint\",\"urlTemplate\":\"https:\\\/\\\/grundschule-gickelsberg.de\\\/kamenz\\\/?s={search_term_string}\"},\"query-input\":{\"@type\":\"PropertyValueSpecification\",\"valueRequired\":true,\"valueName\":\"search_term_string\"}}],\"inLanguage\":\"de\"},{\"@type\":\"Organization\",\"@id\":\"https:\\\/\\\/grundschule-gickelsberg.de\\\/kamenz\\\/#organization\",\"name\":\"Grundschule Am Gickelsberg\",\"url\":\"https:\\\/\\\/grundschule-gickelsberg.de\\\/kamenz\\\/\",\"logo\":{\"@type\":\"ImageObject\",\"inLanguage\":\"de\",\"@id\":\"https:\\\/\\\/grundschule-gickelsberg.de\\\/kamenz\\\/#\\\/schema\\\/logo\\\/image\\\/\",\"url\":\"https:\\\/\\\/grundschule-gickelsberg.de\\\/kamenz\\\/wp-content\\\/uploads\\\/2023\\\/08\\\/gickel.png\",\"contentUrl\":\"https:\\\/\\\/grundschule-gickelsberg.de\\\/kamenz\\\/wp-content\\\/uploads\\\/2023\\\/08\\\/gickel.png\",\"width\":126,\"height\":136,\"caption\":\"Grundschule Am Gickelsberg\"},\"image\":{\"@id\":\"https:\\\/\\\/grundschule-gickelsberg.de\\\/kamenz\\\/#\\\/schema\\\/logo\\\/image\\\/\"}},{\"@type\":\"Person\",\"@id\":\"https:\\\/\\\/grundschule-gickelsberg.de\\\/kamenz\\\/#\\\/schema\\\/person\\\/b1106c79557fa92400dc8e26459891ab\",\"name\":\"admin\",\"image\":{\"@type\":\"ImageObject\",\"inLanguage\":\"de\",\"@id\":\"https:\\\/\\\/secure.gravatar.com\\\/avatar\\\/80bab9dd04cc8ed99694ea9ea7893cb1ec2630d8d32deb2ac9a3cbe026555573?s=96&d=mm&r=g\",\"url\":\"https:\\\/\\\/secure.gravatar.com\\\/avatar\\\/80bab9dd04cc8ed99694ea9ea7893cb1ec2630d8d32deb2ac9a3cbe026555573?s=96&d=mm&r=g\",\"contentUrl\":\"https:\\\/\\\/secure.gravatar.com\\\/avatar\\\/80bab9dd04cc8ed99694ea9ea7893cb1ec2630d8d32deb2ac9a3cbe026555573?s=96&d=mm&r=g\",\"caption\":\"admin\"},\"sameAs\":[\"https:\\\/\\\/grundschule-gickelsberg.de\\\/kamenz\"],\"url\":\"https:\\\/\\\/grundschule-gickelsberg.de\\\/kamenz\\\/author\\\/gsgickel_cmsadmin\\\/\"}]}<\/script>\n<!-- \/ Yoast SEO plugin. -->","yoast_head_json":{"title":"Start ins Jahr 2026 - Grundschule Am Gickelsberg","robots":{"index":"index","follow":"follow","max-snippet":"max-snippet:-1","max-image-preview":"max-image-preview:large","max-video-preview":"max-video-preview:-1"},"canonical":"https:\/\/grundschule-gickelsberg.de\/kamenz\/2026\/01\/start-ins-jahr-2026\/","og_locale":"de_DE","og_type":"article","og_title":"Start ins Jahr 2026 - Grundschule Am Gickelsberg","og_description":"Liebe Eltern und liebe Kinder, wir w\u00fcnschen Ihnen und euch ein gesundes und frohes neues Jahr 2026. F\u00fcr das neue Jahr w\u00fcnschen wir unseren Kindern Freude am Lernen, Neugier und viele sch\u00f6ne gemeinsame Erlebnisse. Den Eltern danken wir f\u00fcr die Zusammenarbeit und das Vertrauen. Auch im kommenden Jahr m\u00f6chten wir die Kinder gemeinsam begleiten und [&hellip;]","og_url":"https:\/\/grundschule-gickelsberg.de\/kamenz\/2026\/01\/start-ins-jahr-2026\/","og_site_name":"Grundschule Am Gickelsberg","article_published_time":"2026-01-01T18:03:49+00:00","article_modified_time":"2026-01-01T18:03:50+00:00","og_image":[{"width":1024,"height":683,"url":"https:\/\/grundschule-gickelsberg.de\/kamenz\/wp-content\/uploads\/2026\/01\/Feier-zum-Jahr-2026-in-Kamenz-1024x683.png","type":"image\/png"}],"author":"admin","twitter_card":"summary_large_image","twitter_misc":{"Verfasst von":"admin","Gesch\u00e4tzte Lesezeit":"1\u00a0Minute"},"schema":{"@context":"https:\/\/schema.org","@graph":[{"@type":"Article","@id":"https:\/\/grundschule-gickelsberg.de\/kamenz\/2026\/01\/start-ins-jahr-2026\/#article","isPartOf":{"@id":"https:\/\/grundschule-gickelsberg.de\/kamenz\/2026\/01\/start-ins-jahr-2026\/"},"author":{"name":"admin","@id":"https:\/\/grundschule-gickelsberg.de\/kamenz\/#\/schema\/person\/b1106c79557fa92400dc8e26459891ab"},"headline":"Start ins Jahr 2026","datePublished":"2026-01-01T18:03:49+00:00","dateModified":"2026-01-01T18:03:50+00:00","mainEntityOfPage":{"@id":"https:\/\/grundschule-gickelsberg.de\/kamenz\/2026\/01\/start-ins-jahr-2026\/"},"wordCount":97,"commentCount":0,"publisher":{"@id":"https:\/\/grundschule-gickelsberg.de\/kamenz\/#organization"},"image":{"@id":"https:\/\/grundschule-gickelsberg.de\/kamenz\/2026\/01\/start-ins-jahr-2026\/#primaryimage"},"thumbnailUrl":"https:\/\/grundschule-gickelsberg.de\/kamenz\/wp-content\/uploads\/2026\/01\/Feier-zum-Jahr-2026-in-Kamenz.png","articleSection":["Allgemeines"],"inLanguage":"de","potentialAction":[{"@type":"CommentAction","name":"Comment","target":["https:\/\/grundschule-gickelsberg.de\/kamenz\/2026\/01\/start-ins-jahr-2026\/#respond"]}]},{"@type":"WebPage","@id":"https:\/\/grundschule-gickelsberg.de\/kamenz\/2026\/01\/start-ins-jahr-2026\/","url":"https:\/\/grundschule-gickelsberg.de\/kamenz\/2026\/01\/start-ins-jahr-2026\/","name":"Start ins Jahr 2026 - Grundschule Am Gickelsberg","isPartOf":{"@id":"https:\/\/grundschule-gickelsberg.de\/kamenz\/#website"},"primaryImageOfPage":{"@id":"https:\/\/grundschule-gickelsberg.de\/kamenz\/2026\/01\/start-ins-jahr-2026\/#primaryimage"},"image":{"@id":"https:\/\/grundschule-gickelsberg.de\/kamenz\/2026\/01\/start-ins-jahr-2026\/#primaryimage"},"thumbnailUrl":"https:\/\/grundschule-gickelsberg.de\/kamenz\/wp-content\/uploads\/2026\/01\/Feier-zum-Jahr-2026-in-Kamenz.png","datePublished":"2026-01-01T18:03:49+00:00","dateModified":"2026-01-01T18:03:50+00:00","breadcrumb":{"@id":"https:\/\/grundschule-gickelsberg.de\/kamenz\/2026\/01\/start-ins-jahr-2026\/#breadcrumb"},"inLanguage":"de","potentialAction":[{"@type":"ReadAction","target":["https:\/\/grundschule-gickelsberg.de\/kamenz\/2026\/01\/start-ins-jahr-2026\/"]}]},{"@type":"ImageObject","inLanguage":"de","@id":"https:\/\/grundschule-gickelsberg.de\/kamenz\/2026\/01\/start-ins-jahr-2026\/#primaryimage","url":"https:\/\/grundschule-gickelsberg.de\/kamenz\/wp-content\/uploads\/2026\/01\/Feier-zum-Jahr-2026-in-Kamenz.png","contentUrl":"https:\/\/grundschule-gickelsberg.de\/kamenz\/wp-content\/uploads\/2026\/01\/Feier-zum-Jahr-2026-in-Kamenz.png","width":1536,"height":1024},{"@type":"BreadcrumbList","@id":"https:\/\/grundschule-gickelsberg.de\/kamenz\/2026\/01\/start-ins-jahr-2026\/#breadcrumb","itemListElement":[{"@type":"ListItem","position":1,"name":"Startseite","item":"https:\/\/grundschule-gickelsberg.de\/kamenz\/"},{"@type":"ListItem","position":2,"name":"Start ins Jahr 2026"}]},{"@type":"WebSite","@id":"https:\/\/grundschule-gickelsberg.de\/kamenz\/#website","url":"https:\/\/grundschule-gickelsberg.de\/kamenz\/","name":"Grundschule Am Gickelsberg","description":"Die Kamenzer Schule ist eine von 4 Grundschulen mit Ganztagsbetreuung. Im Jahr 2023 wurde die Schule mit digitalen Lernmedien ausgestattet.","publisher":{"@id":"https:\/\/grundschule-gickelsberg.de\/kamenz\/#organization"},"potentialAction":[{"@type":"SearchAction","target":{"@type":"EntryPoint","urlTemplate":"https:\/\/grundschule-gickelsberg.de\/kamenz\/?s={search_term_string}"},"query-input":{"@type":"PropertyValueSpecification","valueRequired":true,"valueName":"search_term_string"}}],"inLanguage":"de"},{"@type":"Organization","@id":"https:\/\/grundschule-gickelsberg.de\/kamenz\/#organization","name":"Grundschule Am Gickelsberg","url":"https:\/\/grundschule-gickelsberg.de\/kamenz\/","logo":{"@type":"ImageObject","inLanguage":"de","@id":"https:\/\/grundschule-gickelsberg.de\/kamenz\/#\/schema\/logo\/image\/","url":"https:\/\/grundschule-gickelsberg.de\/kamenz\/wp-content\/uploads\/2023\/08\/gickel.png","contentUrl":"https:\/\/grundschule-gickelsberg.de\/kamenz\/wp-content\/uploads\/2023\/08\/gickel.png","width":126,"height":136,"caption":"Grundschule Am Gickelsberg"},"image":{"@id":"https:\/\/grundschule-gickelsberg.de\/kamenz\/#\/schema\/logo\/image\/"}},{"@type":"Person","@id":"https:\/\/grundschule-gickelsberg.de\/kamenz\/#\/schema\/person\/b1106c79557fa92400dc8e26459891ab","name":"admin","image":{"@type":"ImageObject","inLanguage":"de","@id":"https:\/\/secure.gravatar.com\/avatar\/80bab9dd04cc8ed99694ea9ea7893cb1ec2630d8d32deb2ac9a3cbe026555573?s=96&d=mm&r=g","url":"https:\/\/secure.gravatar.com\/avatar\/80bab9dd04cc8ed99694ea9ea7893cb1ec2630d8d32deb2ac9a3cbe026555573?s=96&d=mm&r=g","contentUrl":"https:\/\/secure.gravatar.com\/avatar\/80bab9dd04cc8ed99694ea9ea7893cb1ec2630d8d32deb2ac9a3cbe026555573?s=96&d=mm&r=g","caption":"admin"},"sameAs":["https:\/\/grundschule-gickelsberg.de\/kamenz"],"url":"https:\/\/grundschule-gickelsberg.de\/kamenz\/author\/gsgickel_cmsadmin\/"}]}},"jetpack_featured_media_url":"https:\/\/grundschule-gickelsberg.de\/kamenz\/wp-content\/uploads\/2026\/01\/Feier-zum-Jahr-2026-in-Kamenz.png","jetpack_sharing_enabled":true,"_links":{"self":[{"href":"https:\/\/grundschule-gickelsberg.de\/kamenz\/wp-json\/wp\/v2\/posts\/1390","targetHints":{"allow":["GET"]}}],"collection":[{"href":"https:\/\/grundschule-gickelsberg.de\/kamenz\/wp-json\/wp\/v2\/posts"}],"about":[{"href":"https:\/\/grundschule-gickelsberg.de\/kamenz\/wp-json\/wp\/v2\/types\/post"}],"author":[{"embeddable":true,"href":"https:\/\/grundschule-gickelsberg.de\/kamenz\/wp-json\/wp\/v2\/users\/1"}],"replies":[{"embeddable":true,"href":"https:\/\/grundschule-gickelsberg.de\/kamenz\/wp-json\/wp\/v2\/comments?post=1390"}],"version-history":[{"count":2,"href":"https:\/\/grundschule-gickelsberg.de\/kamenz\/wp-json\/wp\/v2\/posts\/1390\/revisions"}],"predecessor-version":[{"id":1393,"href":"https:\/\/grundschule-gickelsberg.de\/kamenz\/wp-json\/wp\/v2\/posts\/1390\/revisions\/1393"}],"wp:featuredmedia":[{"embeddable":true,"href":"https:\/\/grundschule-gickelsberg.de\/kamenz\/wp-json\/wp\/v2\/media\/1392"}],"wp:attachment":[{"href":"https:\/\/grundschule-gickelsberg.de\/kamenz\/wp-json\/wp\/v2\/media?parent=1390"}],"wp:term":[{"taxonomy":"category","embeddable":true,"href":"https:\/\/grundschule-gickelsberg.de\/kamenz\/wp-json\/wp\/v2\/categories?post=1390"},{"taxonomy":"post_tag","embeddable":true,"href":"https:\/\/grundschule-gickelsberg.de\/kamenz\/wp-json\/wp\/v2\/tags?post=1390"}],"curies":[{"name":"wp","href":"https:\/\/api.w.org\/{rel}","templated":true}]}}